{"id":2668,"date":"2021-01-27T14:39:11","date_gmt":"2021-01-27T14:39:11","guid":{"rendered":"https:\/\/lea-festival.com\/?p=2668"},"modified":"2021-01-28T14:27:26","modified_gmt":"2021-01-28T14:27:26","slug":"diadiktuaki-parousiasi-bibliou","status":"publish","type":"post","link":"https:\/\/lea-festival.com\/es\/diadiktuaki-parousiasi-bibliou\/","title":{"rendered":"XII Festival LEA\nPresentaci\u00f3n virtual del libro El mundo de ayer, el mundo de ma\u00f1ana"},"content":{"rendered":"<div class=\"wpb-content-wrapper\"><div class=\"vc_row wpb_row vc_row-fluid\"><div class=\"wpb_column vc_column_container vc_col-sm-12\"><div class=\"vc_column-inner\"><div class=\"wpb_wrapper\">\n\t<div class=\"wpb_text_column wpb_content_element\" >\n\t\t<div class=\"wpb_wrapper\">\n\t\t\t<p class=\"translation-block\"><strong>XII Festival LEA<br>\nPresentaci\u00f3n virtual del libro <em>El mundo de ayer, el mundo de ma\u00f1ana<\/em><\/strong>\n<br>\n<strong>Comunicado de prensa<\/strong><\/p>\n<p>&nbsp;<\/p>\n<p><img loading=\"lazy\" decoding=\"async\" class=\"wp-image-2669 alignleft\" src=\"https:\/\/lea-festival.com\/wp-content\/uploads\/2021\/01\/LEA-BOOK-COVER-SPANISH-201x300.jpg\" alt=\"\" width=\"238\" height=\"355\" srcset=\"https:\/\/lea-festival.com\/wp-content\/uploads\/2021\/01\/LEA-BOOK-COVER-SPANISH-201x300.jpg 201w, https:\/\/lea-festival.com\/wp-content\/uploads\/2021\/01\/LEA-BOOK-COVER-SPANISH.jpg 407w\" sizes=\"auto, (max-width: 238px) 100vw, 238px\" \/>\u03a4\u03bf \u0399\u03b2\u03b7\u03c1\u03bf\u03b1\u03bc\u03b5\u03c1\u03b9\u03ba\u03b1\u03bd\u03b9\u03ba\u03cc \u03a6\u03b5\u03c3\u03c4\u03b9\u03b2\u03ac\u03bb \u039b\u03bf\u03b3\u03bf\u03c4\u03b5\u03c7\u03bd\u03af\u03b1\u03c2 \u03c3\u03c4\u03b7\u03bd \u0391\u03b8\u03ae\u03bd\u03b1 \u039bEA \u03ba\u03b1\u03b9 \u03bf\u03b9 \u0395\u03ba\u03b4\u03cc\u03c3\u03b5\u03b9\u03c2 \u039a\u03b1\u03c3\u03c4\u03b1\u03bd\u03b9\u03ce\u03c4\u03b7, \u03bc\u03b5 \u03c4\u03b7 \u03c7\u03bf\u03c1\u03b7\u03b3\u03af\u03b1 \u03c4\u03bf\u03c5 \u0399\u03bd\u03c3\u03c4\u03b9\u03c4\u03bf\u03cd\u03c4\u03bf\u03c5 \u0398\u03b5\u03c1\u03b2\u03ac\u03bd\u03c4\u03b5\u03c2 \u03c4\u03b7\u03c2 \u0391\u03b8\u03ae\u03bd\u03b1\u03c2, \u03ba\u03b1\u03b9 \u03c5\u03c0\u03cc \u03c4\u03b7\u03bd \u03b1\u03b9\u03b3\u03af\u03b4\u03b1 \u03c4\u03c9\u03bd \u03a0\u03c1\u03b5\u03c3\u03b2\u03b5\u03b9\u03ce\u03bd \u03c4\u03b7\u03c2 \u0399\u03c3\u03c0\u03b1\u03bd\u03af\u03b1\u03c2 \u03ba\u03b1\u03b9 \u03c4\u03bf\u03c5 \u039c\u03b5\u03be\u03b9\u03ba\u03bf\u03cd \u03ba\u03b1\u03b9 \u03c4\u03b7 \u03c3\u03c5\u03bd\u03b5\u03c1\u03b3\u03b1\u03c3\u03af\u03b1 \u03c4\u03b7\u03c2 \u03a3\u03c7\u03bf\u03bb\u03ae\u03c2 \u0399\u03b2\u03b7\u03c1\u03bf\u03b1\u03bc\u03b5\u03c1\u03b9\u03ba\u03b1\u03bd\u03b9\u03ba\u03ce\u03bd \u0393\u03bb\u03c9\u03c3\u03c3\u03ce\u03bd \u03ba\u03b1\u03b9 \u03a0\u03bf\u03bb\u03b9\u03c4\u03b9\u03c3\u03bc\u03ce\u03bd Abanico, \u03c0\u03b1\u03c1\u03bf\u03c5\u03c3\u03b9\u03ac\u03b6\u03bf\u03c5\u03bd \u03c4\u03b7\u03bd \u03b1\u03bd\u03b8\u03bf\u03bb\u03bf\u03b3\u03af\u03b1 \u039f \u03ba\u03cc\u03c3\u03bc\u03bf\u03c2 \u03c4\u03bf\u03c5 \u03c7\u03b8\u03b5\u03c2, \u03bf \u03ba\u03cc\u03c3\u03bc\u03bf\u03c2 \u03c4\u03bf\u03c5 \u03b1\u03cd\u03c1\u03b9\u03bf, \u03c4\u03b7\u03bd \u03a4\u03b5\u03c4\u03ac\u03c1\u03c4\u03b7 3 \u03a6\u03b5\u03b2\u03c1\u03bf\u03c5\u03b1\u03c1\u03af\u03bf\u03c5 \u03b1\u03c0\u03cc \u03c4\u03b9\u03c2 18:00 \u03ad\u03c9\u03c2 \u03c4\u03b9\u03c2 19:00 (\u03ce\u03c1\u03b1 \u0395\u03bb\u03bb\u03ac\u03b4\u03b1\u03c2). \u0397 \u03b5\u03ba\u03b4\u03ae\u03bb\u03c9\u03c3\u03b7 \u03b8\u03b1 \u03bc\u03b5\u03c4\u03b1\u03b4\u03bf\u03b8\u03b5\u03af \u03b6\u03c9\u03bd\u03c4\u03b1\u03bd\u03ac \u03bc\u03b5 \u03c4\u03b1\u03c5\u03c4\u03cc\u03c7\u03c1\u03bf\u03bd\u03b7 \u03b4\u03b9\u03b5\u03c1\u03bc\u03b7\u03bd\u03b5\u03af\u03b1.<br \/>\n<strong>Enlace:<\/strong><br \/>\n<strong>Transmisi\u00f3n en directo con posibilidad de elegir idioma (espa\u00f1ol o griego):<\/strong><br \/>\n<a href=\"https:\/\/us02web.zoom.us\/j\/85222846809\">https:\/\/us02web.zoom.us\/j\/85222846809<\/a><br \/>\n<strong>Transmisi\u00f3n en directo en espa\u00f1ol:<\/strong> P\u00e1gina de Facebook del Instituto Cervantes de Atenas\u00a0 <a href=\"https:\/\/www.facebook.com\/InstitutoCervantesAtenas\">https:\/\/www.facebook.com\/InstitutoCervantesAtenas<\/a><\/p>\n<p><span><span class=\"Apple-converted-space\">\u00a0<\/span>La presentaci\u00f3n virtual del libro \"El mundo de ayer, el mundo de ma\u00f1ana\" en espa\u00f1ol y griego estar\u00e1 a su disposici\u00f3n en la p\u00e1gina de Facebook y en el canal YouTube del Festival LEA: <a href=\"https:\/\/www.facebook.com\/Solatino.gr\">https:\/\/www.facebook.com\/Solatino.gr<\/a> y YouTube: leafestival.direccion Greece, a partir del 4.2.2021.<\/span><\/p>\n<p>&nbsp;<\/p>\n<p>Participan los escritores Elena Medel, de Espa\u00f1a, Juan Villoro, de M\u00e9xico y Petros M\u00e1rkaris, presidente honorario del Festival LEA, de Grecia. Modera el profesor universitario y traductor griego, Konstantinos Paleologos.<\/p>\n<p>&nbsp;<\/p>\n<p><strong><strong>Sobre el libro:<\/strong><\/strong><br \/>\nEn marzo de 2020, a solo tres meses de la celebraci\u00f3n del XII Festival LEA, la pandemia del coronavirus comenz\u00f3 a provocar, entre otras cosas, el confinamiento y la suspensi\u00f3n masiva de actividades culturales en el mundo entero. As\u00ed las cosas, el equipo organizador del Festival, considerando que el momento que vivimos a nivel mundial es crucial, am\u00e9n de in\u00e9dito, se propuso dejar plasmadas en un libro las experiencias de 54 escritores iberoamericanos y griegos en torno a la pandemia; algunos de ellos acudir\u00edan al Festival en junio de 2020; los dem\u00e1s ya hab\u00edan participado en ediciones anteriores. \n\nLo cierto es que todos aceptaron gustosamente la invitaci\u00f3n del Festival LEA a compartir sus textos \u2013la mayor\u00eda in\u00e9ditos\u2013 a fin de conformar con ese material un libro en edici\u00f3n cuatriling\u00fce. Se sumaron a ellos los seis ganadores del Concurso de Minicuentos del Festival LEA 2020, titulado LEA en casa. \n\nPor su parte, Ediciones Kastaniotis realiz\u00f3, como de costumbre, un trabajo impecable que dio como resultado una fina edici\u00f3n de tapas duras, cuya portada fue ilustrada por el caricaturista colombiano Turcios.<\/p>\n<p>Cada texto, ya sea poes\u00eda, ensayo o narraci\u00f3n, da cuenta de experiencias y reflexiones, sentimientos, duelos, sue\u00f1os y esperanzas sobre lo que el mundo ha vivido en estos dode meses y espera no volver a vivir. Esta es la antolog\u00eda de un a\u00f1o que nunca olvidaremos, de todo aquello que separa al mundo de ayer del mundo de ma\u00f1ana.<\/p>\n\n\t\t<\/div>\n\t<\/div>\n<\/div><\/div><\/div><\/div><div class=\"vc_row wpb_row vc_row-fluid\"><div class=\"wpb_column vc_column_container vc_col-sm-12\"><div class=\"vc_column-inner\"><div class=\"wpb_wrapper\"><div class=\"vc_empty_space\"   style=\"height: 32px\"><span class=\"vc_empty_space_inner\"><\/span><\/div><\/div><\/div><\/div><\/div><div class=\"vc_row wpb_row vc_row-fluid\"><div class=\"wpb_column vc_column_container vc_col-sm-3\"><div class=\"vc_column-inner\"><div class=\"wpb_wrapper\">\n\t<div  class=\"wpb_single_image wpb_content_element vc_align_left wpb_content_element\">\n\t\t\n\t\t<figure class=\"wpb_wrapper vc_figure\">\n\t\t\t<div class=\"vc_single_image-wrapper   vc_box_border_grey\"><img loading=\"lazy\" decoding=\"async\" width=\"300\" height=\"228\" src=\"https:\/\/lea-festival.com\/wp-content\/uploads\/2021\/01\/Elena-Medel_Lisbeth-Salas-300x228.jpg\" class=\"vc_single_image-img attachment-medium\" alt=\"\" title=\"Remote office, working at home, freelance concept\" srcset=\"https:\/\/lea-festival.com\/wp-content\/uploads\/2021\/01\/Elena-Medel_Lisbeth-Salas-300x228.jpg 300w, https:\/\/lea-festival.com\/wp-content\/uploads\/2021\/01\/Elena-Medel_Lisbeth-Salas.jpg 460w\" sizes=\"auto, (max-width: 300px) 100vw, 300px\" \/><\/div>\n\t\t<\/figure>\n\t<\/div>\n<\/div><\/div><\/div><div class=\"wpb_column vc_column_container vc_col-sm-9\"><div class=\"vc_column-inner\"><div class=\"wpb_wrapper\">\n\t<div class=\"wpb_text_column wpb_content_element\" >\n\t\t<div class=\"wpb_wrapper\">\n\t\t\t<p class=\"translation-block\"><strong>Elena Medel<\/strong> (C\u00f3rdoba, Espa\u00f1a, 1985). Es autora de la novela <em>Las\nmaravillas<\/em> (Anagrama, 2020; en proceso de traducci\u00f3n al alem\u00e1n, checo, franc\u00e9s, griego, ingl\u00e9s, italiano, neerland\u00e9s, portugu\u00e9s y\nsueco); de los libros de poes\u00eda <em>Mi primer bikini <\/em>(DVD, 2002; traducido al ingl\u00e9s y al sueco), <em>Tara <\/em>(DVD, 2006) <em>y Chatterton <\/em>(Visor,\n2014), reunidos en<em> Un d\u00eda negro en una casa de mentira<\/em> (Visor, 2015); y de los ensayos <em>El mundo mago<\/em> (Ariel, 2015) y <em>Todo lo que\nhay que saber sobre poes\u00eda<\/em> (Ariel, 2018). Dirige la editorial de poes\u00eda La Bella Varsovia. Entre otros galardones, ha obtenido el XXVI Premio Loewe a la Creaci\u00f3n Joven y el Premio Fundaci\u00f3n Princesa de Girona 2016 en la categor\u00eda de Artes y Letras.<\/p>\n\n\t\t<\/div>\n\t<\/div>\n<\/div><\/div><\/div><\/div><div class=\"vc_row wpb_row vc_row-fluid\"><div class=\"wpb_column vc_column_container vc_col-sm-12\"><div class=\"vc_column-inner\"><div class=\"wpb_wrapper\"><div class=\"vc_empty_space\"   style=\"height: 32px\"><span class=\"vc_empty_space_inner\"><\/span><\/div><\/div><\/div><\/div><\/div><div class=\"vc_row wpb_row vc_row-fluid\"><div class=\"wpb_column vc_column_container vc_col-sm-3\"><div class=\"vc_column-inner\"><div class=\"wpb_wrapper\">\n\t<div  class=\"wpb_single_image wpb_content_element vc_align_left wpb_content_element\">\n\t\t\n\t\t<figure class=\"wpb_wrapper vc_figure\">\n\t\t\t<div class=\"vc_single_image-wrapper   vc_box_border_grey\"><img loading=\"lazy\" decoding=\"async\" width=\"300\" height=\"228\" src=\"https:\/\/lea-festival.com\/wp-content\/uploads\/2021\/01\/juan-villoro-300x228.jpg\" class=\"vc_single_image-img attachment-medium\" alt=\"\" title=\"Remote office, working at home, freelance concept\" srcset=\"https:\/\/lea-festival.com\/wp-content\/uploads\/2021\/01\/juan-villoro-300x228.jpg 300w, https:\/\/lea-festival.com\/wp-content\/uploads\/2021\/01\/juan-villoro.jpg 460w\" sizes=\"auto, (max-width: 300px) 100vw, 300px\" \/><\/div>\n\t\t<\/figure>\n\t<\/div>\n<\/div><\/div><\/div><div class=\"wpb_column vc_column_container vc_col-sm-9\"><div class=\"vc_column-inner\"><div class=\"wpb_wrapper\">\n\t<div class=\"wpb_text_column wpb_content_element\" >\n\t\t<div class=\"wpb_wrapper\">\n\t\t\t<p class=\"translation-block\"><strong>Juan Villoro<\/strong> (Ciudad de M\u00e9xico, \u039c\u00e9xico, 1956). Escritor, soci\u00f3logo de formaci\u00f3n y profesor de diversas universidades en EUA y\nEspa\u00f1a. Fue agregado cultural de la Embajada de M\u00e9xico en Berl\u00edn Oriental entre 1981 y 1984. Ha trabajado en la radio y colaborado con numerosos peri\u00f3dicos y revistas, tocando diversos temas, entre\nellos, el f\u00fatbol. Asimismo, cuenta con varias incursiones en el mundo del cine como guionista. En cuanto a su obra literaria, ha\ncultivado varios g\u00e9neros literarios como la novela, el cuento, el teatro y el cuento infantil. De entre su prol\u00edfica obra habr\u00eda que destacar algunos t\u00edtulos como <em>El testigo, Los culpables, Arrecife y Apocalipsis (todo incluido)<\/em>. Ha obtenido varios premios, entre ellos el Herralde (2004) por su novela <em>El testigo<\/em>.<\/p>\n\n\t\t<\/div>\n\t<\/div>\n<\/div><\/div><\/div><\/div><div class=\"vc_row wpb_row vc_row-fluid\"><div class=\"wpb_column vc_column_container vc_col-sm-12\"><div class=\"vc_column-inner\"><div class=\"wpb_wrapper\"><div class=\"vc_empty_space\"   style=\"height: 32px\"><span class=\"vc_empty_space_inner\"><\/span><\/div><\/div><\/div><\/div><\/div><div class=\"vc_row wpb_row vc_row-fluid\"><div class=\"wpb_column vc_column_container vc_col-sm-3\"><div class=\"vc_column-inner\"><div class=\"wpb_wrapper\">\n\t<div  class=\"wpb_single_image wpb_content_element vc_align_left wpb_content_element\">\n\t\t\n\t\t<figure class=\"wpb_wrapper vc_figure\">\n\t\t\t<div class=\"vc_single_image-wrapper   vc_box_border_grey\"><img loading=\"lazy\" decoding=\"async\" width=\"300\" height=\"228\" src=\"https:\/\/lea-festival.com\/wp-content\/uploads\/2021\/01\/Fourouklas_Petros-Markaris-250-300x228.jpg\" class=\"vc_single_image-img attachment-medium\" alt=\"\" title=\"Remote office, working at home, freelance concept\" srcset=\"https:\/\/lea-festival.com\/wp-content\/uploads\/2021\/01\/Fourouklas_Petros-Markaris-250-300x228.jpg 300w, https:\/\/lea-festival.com\/wp-content\/uploads\/2021\/01\/Fourouklas_Petros-Markaris-250.jpg 460w\" sizes=\"auto, (max-width: 300px) 100vw, 300px\" \/><\/div>\n\t\t<\/figure>\n\t<\/div>\n<\/div><\/div><\/div><div class=\"wpb_column vc_column_container vc_col-sm-9\"><div class=\"vc_column-inner\"><div class=\"wpb_wrapper\">\n\t<div class=\"wpb_text_column wpb_content_element\" >\n\t\t<div class=\"wpb_wrapper\">\n\t\t\t<p><strong>Petros M\u00e1rkaris<\/strong> (Estambul, Turqu\u00eda, 1937). Escritor y dramaturgo griego, traductor de literatura alemana y guionista de cine \u2212en colaboraci\u00f3n con Theo Angelopoulos\u2212 y televisi\u00f3n \u2212en la serie \u201cAnatom\u00eda de un crimen\u201d \u2013 y colaborador habitual de medios de comunicaci\u00f3n en Grecia y el resto de Europa. Petros M\u00e1rkaris es reconocido por sus novelas de g\u00e9nero negro, protagonizadas en su mayor\u00eda por el comisario Kostas Jaritos. Cabr\u00eda destacar entre sus obras, <em>la Trilog\u00eda de la Crisis, Hasta aqu\u00ed hemos llegado, Offshore, La muerte de Ulises, Pr\u00f3xima parada, Atenas, Noticias de la noche, Suicidio perfecto y Muerte en Estambul.<\/em>Asimismo, se han publicado varias recopilaciones de sus columnas en prensa. Ha recibido galardones como la Medalla Goethe, el Premio Polar Europeo y el Premio Pepe Carvalho, entre otros.<\/p>\n\n\t\t<\/div>\n\t<\/div>\n<\/div><\/div><\/div><\/div><div class=\"vc_row wpb_row vc_row-fluid\"><div class=\"wpb_column vc_column_container vc_col-sm-12\"><div class=\"vc_column-inner\"><div class=\"wpb_wrapper\"><div class=\"vc_empty_space\"   style=\"height: 32px\"><span class=\"vc_empty_space_inner\"><\/span><\/div><\/div><\/div><\/div><\/div><div class=\"vc_row wpb_row vc_row-fluid\"><div class=\"wpb_column vc_column_container vc_col-sm-3\"><div class=\"vc_column-inner\"><div class=\"wpb_wrapper\">\n\t<div  class=\"wpb_single_image wpb_content_element vc_align_left wpb_content_element\">\n\t\t\n\t\t<figure class=\"wpb_wrapper vc_figure\">\n\t\t\t<div class=\"vc_single_image-wrapper   vc_box_border_grey\"><img loading=\"lazy\" decoding=\"async\" width=\"300\" height=\"228\" src=\"https:\/\/lea-festival.com\/wp-content\/uploads\/2021\/01\/KPaleologos-300x228.jpg\" class=\"vc_single_image-img attachment-medium\" alt=\"\" title=\"Remote office, working at home, freelance concept\" srcset=\"https:\/\/lea-festival.com\/wp-content\/uploads\/2021\/01\/KPaleologos-300x228.jpg 300w, https:\/\/lea-festival.com\/wp-content\/uploads\/2021\/01\/KPaleologos.jpg 460w\" sizes=\"auto, (max-width: 300px) 100vw, 300px\" \/><\/div>\n\t\t<\/figure>\n\t<\/div>\n<\/div><\/div><\/div><div class=\"wpb_column vc_column_container vc_col-sm-9\"><div class=\"vc_column-inner\"><div class=\"wpb_wrapper\">\n\t<div class=\"wpb_text_column wpb_content_element\" >\n\t\t<div class=\"wpb_wrapper\">\n\t\t\t<p class=\"translation-block\"><strong>Konstantinos Paleologos<\/strong> (Atenas, Grecia, 1963) es catedr\u00e1tico de Traductolog\u00eda Aplicada y Literatura Espa\u00f1ola en la Universidad Arist\u00f3teles de Sal\u00f3nica. Adem\u00e1s, ense\u00f1a Literatura Espa\u00f1ola y Escritura Creativa en la Universidad Abierta de Grecia, y colabora como profesor invitado con el M\u00e1ster Oficial en Traducci\u00f3n para el\nMundo Editorial de la Universidad de M\u00e1laga. Regenta el blog sobre\nliteratura y traducci\u00f3n: http:\/\/konstantinos-paleologos.blogspot.gr .\nHa traducido del espa\u00f1ol al griego obras de Valle-Incl\u00e1n, Pardo Baz\u00e1n, Unamuno, Garc\u00eda Lorca, S\u00e1bato, Altolaguirre, Aldecoa, Delibes, V\u00e1zquez Montalb\u00e1n, Llamazares, Chirbes, L. M. Panero, Bryce Echenique, entre otros. Su \u00faltimo libro es: <em>Proyecto GreQuer\u00edas. Antolog\u00eda del minicuento griego contempor\u00e1neo<\/em> (en colaboraci\u00f3n con Eduardo Lucena), E.D.A. libros.<\/p>\n\n\t\t<\/div>\n\t<\/div>\n<\/div><\/div><\/div><\/div><div class=\"vc_row wpb_row vc_row-fluid\"><div class=\"wpb_column vc_column_container vc_col-sm-12\"><div class=\"vc_column-inner\"><div class=\"wpb_wrapper\"><div class=\"vc_empty_space\"   style=\"height: 32px\"><span class=\"vc_empty_space_inner\"><\/span><\/div><\/div><\/div><\/div><\/div><div class=\"vc_row wpb_row vc_row-fluid\"><div class=\"wpb_column vc_column_container vc_col-sm-12\"><div class=\"vc_column-inner\"><div class=\"wpb_wrapper\">\n\t<div class=\"wpb_text_column wpb_content_element\" >\n\t\t<div class=\"wpb_wrapper\">\n\t\t\t<p>M\u00e1s informaci\u00f3n:<br \/>\n<a href=\"https:\/\/lea-festival.com\/es\/\"><strong>www.lea-festival.com<\/strong><\/a><br \/>\n<a href=\"mailto:leafestival.direccion@gmail.com\"><strong>leafestival.direccion@gmail.com<\/strong><\/a><\/p>\n\n\t\t<\/div>\n\t<\/div>\n<\/div><\/div><\/div><\/div><div class=\"vc_row wpb_row vc_row-fluid\"><div class=\"wpb_column vc_column_container vc_col-sm-12\"><div class=\"vc_column-inner\"><div class=\"wpb_wrapper\"><div class=\"vc_empty_space\"   style=\"height: 32px\"><span class=\"vc_empty_space_inner\"><\/span><\/div><\/div><\/div><\/div><\/div><div class=\"vc_row wpb_row vc_row-fluid\"><div class=\"wpb_column vc_column_container vc_col-sm-12\"><div class=\"vc_column-inner\"><div class=\"wpb_wrapper\">\n\t<div  class=\"wpb_single_image wpb_content_element vc_align_left wpb_content_element\">\n\t\t\n\t\t<figure class=\"wpb_wrapper vc_figure\">\n\t\t\t<div class=\"vc_single_image-wrapper   vc_box_border_grey\"><img loading=\"lazy\" decoding=\"async\" width=\"2560\" height=\"394\" src=\"https:\/\/lea-festival.com\/wp-content\/uploads\/2021\/01\/\u039b\u039f\u0393\u039f\u03a3-scaled.jpg\" class=\"vc_single_image-img attachment-full\" alt=\"\" title=\"\u039b\u039f\u0393\u039f\u03a3\" srcset=\"https:\/\/lea-festival.com\/wp-content\/uploads\/2021\/01\/\u039b\u039f\u0393\u039f\u03a3-scaled.jpg 2560w, https:\/\/lea-festival.com\/wp-content\/uploads\/2021\/01\/\u039b\u039f\u0393\u039f\u03a3-300x46.jpg 300w, https:\/\/lea-festival.com\/wp-content\/uploads\/2021\/01\/\u039b\u039f\u0393\u039f\u03a3-1024x158.jpg 1024w, https:\/\/lea-festival.com\/wp-content\/uploads\/2021\/01\/\u039b\u039f\u0393\u039f\u03a3-768x118.jpg 768w, https:\/\/lea-festival.com\/wp-content\/uploads\/2021\/01\/\u039b\u039f\u0393\u039f\u03a3-1536x236.jpg 1536w, https:\/\/lea-festival.com\/wp-content\/uploads\/2021\/01\/\u039b\u039f\u0393\u039f\u03a3-2048x315.jpg 2048w\" sizes=\"auto, (max-width: 2560px) 100vw, 2560px\" \/><\/div>\n\t\t<\/figure>\n\t<\/div>\n<\/div><\/div><\/div><\/div>\n<\/div>","protected":false},"excerpt":{"rendered":"<p>Genesis Expo will gather over 5,000 CTOs in one place, and about another 11,000 engineers. If you are a first time dev at Expo this post should help you think about your trip. <\/p>","protected":false},"author":9,"featured_media":2684,"comment_status":"open","ping_status":"open","sticky":false,"template":"","format":"standard","meta":{"footnotes":""},"categories":[36],"tags":[],"class_list":["post-2668","post","type-post","status-publish","format-standard","has-post-thumbnail","hentry","category-lea"],"_links":{"self":[{"href":"https:\/\/lea-festival.com\/es\/wp-json\/wp\/v2\/posts\/2668","targetHints":{"allow":["GET"]}}],"collection":[{"href":"https:\/\/lea-festival.com\/es\/wp-json\/wp\/v2\/posts"}],"about":[{"href":"https:\/\/lea-festival.com\/es\/wp-json\/wp\/v2\/types\/post"}],"author":[{"embeddable":true,"href":"https:\/\/lea-festival.com\/es\/wp-json\/wp\/v2\/users\/9"}],"replies":[{"embeddable":true,"href":"https:\/\/lea-festival.com\/es\/wp-json\/wp\/v2\/comments?post=2668"}],"version-history":[{"count":15,"href":"https:\/\/lea-festival.com\/es\/wp-json\/wp\/v2\/posts\/2668\/revisions"}],"predecessor-version":[{"id":2693,"href":"https:\/\/lea-festival.com\/es\/wp-json\/wp\/v2\/posts\/2668\/revisions\/2693"}],"wp:featuredmedia":[{"embeddable":true,"href":"https:\/\/lea-festival.com\/es\/wp-json\/wp\/v2\/media\/2684"}],"wp:attachment":[{"href":"https:\/\/lea-festival.com\/es\/wp-json\/wp\/v2\/media?parent=2668"}],"wp:term":[{"taxonomy":"category","embeddable":true,"href":"https:\/\/lea-festival.com\/es\/wp-json\/wp\/v2\/categories?post=2668"},{"taxonomy":"post_tag","embeddable":true,"href":"https:\/\/lea-festival.com\/es\/wp-json\/wp\/v2\/tags?post=2668"}],"curies":[{"name":"wp","href":"https:\/\/api.w.org\/{rel}","templated":true}]}}