{"id":3702,"date":"2023-05-24T17:06:40","date_gmt":"2023-05-24T17:06:40","guid":{"rendered":"https:\/\/lea-festival.com\/?p=3702"},"modified":"2023-06-05T18:04:35","modified_gmt":"2023-06-05T18:04:35","slug":"%cf%80%cf%81%ce%bf%ce%b2%ce%bf%ce%bb%ce%b7-%ce%bd%cf%84%ce%bf%ce%ba%ce%b9%ce%bc%ce%b1%ce%bd%cf%84%ce%b5%cf%81-%cf%83%cf%84%ce%b7-%ce%bb%ce%b5%cf%85%ce%ba%ce%ac%ce%b4%ce%b1-%ce%b5%ce%bb%ce%b2","status":"publish","type":"post","link":"https:\/\/lea-festival.com\/es\/%cf%80%cf%81%ce%bf%ce%b2%ce%bf%ce%bb%ce%b7-%ce%bd%cf%84%ce%bf%ce%ba%ce%b9%ce%bc%ce%b1%ce%bd%cf%84%ce%b5%cf%81-%cf%83%cf%84%ce%b7-%ce%bb%ce%b5%cf%85%ce%ba%ce%ac%ce%b4%ce%b1-%ce%b5%ce%bb%ce%b2\/","title":{"rendered":"PROYECCI\u00d3N DE DOCUMENTAL en Lefkada | \u201cElvira de Hidalgo. Donare la Divinit\u00e0\u201d"},"content":{"rendered":"<p><b>\u00a0Un documental de Vicky Calavia<\/b><\/p>\n<p>&nbsp;<\/p>\n<p><b>Teatro-jard\u00edn \u00c1ngelos Sikelian\u00f3s<\/b><\/p>\n<p><b>Martes 20 de junio<\/b><\/p>\n<p><b>Hora: 21.30 h<\/b><\/p>\n<p>&nbsp;<\/p>\n<p><span style=\"font-weight: 400;\">Elvira de Hidalgo es conocida por ser la maestra y pigmali\u00f3n de Mar\u00eda Callas, pero apenas reconocida por sus extraordinarias dotes de canto (soprano de coloratura) y su acertada puesta en escena en el marco oper\u00edstico. Ella, que recorri\u00f3 todo el mundo y llev\u00f3 siempre a gala en sus actuaciones interpretar el tema \u201cDe Espa\u00f1a vengo\u2026\u201d, ha sido, en cambio, olvidada por su pa\u00eds. Es por eso que este documental, <\/span><b>\u201cElvira de Hidalgo. Donare la Divinit\u00e0\u201d<\/b><span style=\"font-weight: 400;\">, quiere rescatar su figura del anonimato y traerla al plano que le corresponde: al del cielo de las divas de la \u00f3pera.<\/span><\/p>\n<p><span style=\"font-weight: 400;\">Direcci\u00f3n y guion: Vicky Calavia | A\u00f1o: 2021 | Pa\u00eds: Espa\u00f1a | Duraci\u00f3n: 55 minutos | Fotograf\u00eda: Fernando Medel, Carlos Navarro | Montaje: \u00c1lvaro Mazarrasa | Reparto: Lola Campos, Ant\u00f3n Castro, Anna Fau, Pilar Gallifa Sala, Zoila Mart\u00ednez, Elvira Sala Rodr\u00edguez, Pl\u00e1cido Serrano, Manuel Siurana, Juan Viallaba<\/span><\/p>\n<p><span style=\"font-weight: 400;\">* En espa\u00f1ol con subt\u00edtulos en griego<\/span><\/p>\n<p>&nbsp;<\/p>\n<p><span style=\"font-weight: 400;\">Con el apoyo de la Embajada de Espa\u00f1a, el Instituto Cervantes y el Centro Cultural del Ayuntamiento de Lefkada.<\/span><\/p>\n<p>&nbsp;<\/p>","protected":false},"excerpt":{"rendered":"<p>\u00a0\u0388\u03bd\u03b1 \u03bd\u03c4\u03bf\u03ba\u03b9\u03bc\u03b1\u03bd\u03c4\u03ad\u03c1 \u03c4\u03b7\u03c2 \u0392\u03af\u03ba\u03c5 \u039a\u03b1\u03bb\u03ac\u03b2\u03b9\u03b1 &nbsp; \u039a\u03b7\u03c0\u03bf\u03b8\u03ad\u03b1\u03c4\u03c1\u03bf \u00ab\u0386\u03b3\u03b3\u03b5\u03bb\u03bf\u03c2 \u03a3\u03b9\u03ba\u03b5\u03bb\u03b9\u03b1\u03bd\u03cc\u03c2\u00bb \u03a4\u03c1\u03af\u03c4\u03b7 20 \u0399\u03bf\u03c5\u03bd\u03af\u03bf\u03c5 \u038f\u03c1\u03b1: 21:30 &nbsp; \u0397 \u0395\u03bb\u03b2\u03af\u03c1\u03b1 \u03bd\u03c4\u03b5 \u0399\u03b4\u03ac\u03bb\u03b3\u03bf \u03b5\u03af\u03bd\u03b1\u03b9 \u03b3\u03bd\u03c9\u03c3\u03c4\u03ae \u03c9\u03c2 \u03b4\u03b1\u03c3\u03ba\u03ac\u03bb\u03b1 \u03ba\u03b1\u03b9 \u03c0\u03c5\u03b3\u03bc\u03b1\u03bb\u03af\u03c9\u03bd \u03c4\u03b7\u03c2 \u039c\u03b1\u03c1\u03af\u03b1 \u039a\u03ac\u03bb\u03bb\u03b1\u03c2, \u03b1\u03bb\u03bb\u03ac \u03b5\u03bb\u03ac\u03c7\u03b9\u03c3\u03c4\u03b1 \u03b1\u03bd\u03b1\u03b3\u03bd\u03c9\u03c1\u03b9\u03c3\u03bc\u03ad\u03bd\u03b7 \u03b3\u03b9\u03b1 \u03c4\u03b9\u03c2 \u03b5\u03be\u03b1\u03b9\u03c1\u03b5\u03c4\u03b9\u03ba\u03ad\u03c2 \u03c4\u03b7\u03c2 \u03b9\u03ba\u03b1\u03bd\u03cc\u03c4\u03b7\u03c4\u03b5\u03c2 \u03c3\u03c4\u03bf \u03c4\u03c1\u03b1\u03b3\u03bf\u03cd\u03b4\u03b9 (\u03c3\u03bf\u03c0\u03c1\u03ac\u03bd\u03bf \u03ba\u03bf\u03bb\u03bf\u03c1\u03b1\u03c4\u03bf\u03cd\u03c1\u03b1) \u03ba\u03b1\u03b9 \u03c4\u03b7\u03bd \u03b5\u03c0\u03b9\u03c4\u03c5\u03c7\u03b7\u03bc\u03ad\u03bd\u03b7 \u03c3\u03ba\u03b7\u03bd\u03b9\u03ba\u03ae \u03c4\u03b7\u03c2 \u03c0\u03b1\u03c1\u03bf\u03c5\u03c3\u03af\u03b1 \u03c3\u03c4\u03b7\u03bd \u03cc\u03c0\u03b5\u03c1\u03b1. \u0395\u03ba\u03b5\u03af\u03bd\u03b7, \u03c0\u03bf\u03c5 \u03b3\u03cd\u03c1\u03b9\u03c3\u03b5 \u03cc\u03bb\u03bf \u03c4\u03bf\u03bd \u03ba\u03cc\u03c3\u03bc\u03bf \u03ba\u03b1\u03b9 [&hellip;]<\/p>","protected":false},"author":9,"featured_media":4053,"comment_status":"open","ping_status":"open","sticky":false,"template":"","format":"standard","meta":{"footnotes":""},"categories":[3],"tags":[],"class_list":["post-3702","post","type-post","status-publish","format-standard","has-post-thumbnail","hentry","category-programa-2023"],"_links":{"self":[{"href":"https:\/\/lea-festival.com\/es\/wp-json\/wp\/v2\/posts\/3702","targetHints":{"allow":["GET"]}}],"collection":[{"href":"https:\/\/lea-festival.com\/es\/wp-json\/wp\/v2\/posts"}],"about":[{"href":"https:\/\/lea-festival.com\/es\/wp-json\/wp\/v2\/types\/post"}],"author":[{"embeddable":true,"href":"https:\/\/lea-festival.com\/es\/wp-json\/wp\/v2\/users\/9"}],"replies":[{"embeddable":true,"href":"https:\/\/lea-festival.com\/es\/wp-json\/wp\/v2\/comments?post=3702"}],"version-history":[{"count":1,"href":"https:\/\/lea-festival.com\/es\/wp-json\/wp\/v2\/posts\/3702\/revisions"}],"predecessor-version":[{"id":3703,"href":"https:\/\/lea-festival.com\/es\/wp-json\/wp\/v2\/posts\/3702\/revisions\/3703"}],"wp:featuredmedia":[{"embeddable":true,"href":"https:\/\/lea-festival.com\/es\/wp-json\/wp\/v2\/media\/4053"}],"wp:attachment":[{"href":"https:\/\/lea-festival.com\/es\/wp-json\/wp\/v2\/media?parent=3702"}],"wp:term":[{"taxonomy":"category","embeddable":true,"href":"https:\/\/lea-festival.com\/es\/wp-json\/wp\/v2\/categories?post=3702"},{"taxonomy":"post_tag","embeddable":true,"href":"https:\/\/lea-festival.com\/es\/wp-json\/wp\/v2\/tags?post=3702"}],"curies":[{"name":"wp","href":"https:\/\/api.w.org\/{rel}","templated":true}]}}