{"id":4344,"date":"2024-05-22T07:17:13","date_gmt":"2024-05-22T07:17:13","guid":{"rendered":"https:\/\/lea-festival.com\/?p=4344"},"modified":"2024-05-29T19:00:45","modified_gmt":"2024-05-29T19:00:45","slug":"%ce%b5%cf%80%ce%b9%cf%83%ce%b7%ce%bc%ce%b7-%cf%84%ce%b5%ce%bb%ce%b5%cf%84%ce%b7-%ce%b5%ce%b3%ce%ba%ce%b1%ce%af%ce%bd%ce%b9%ce%b1-%cf%84%ce%b7%cf%82-1%ce%b7%cf%82-%ce%ad%ce%ba%ce%b8%ce%b5%cf%83%ce%b7","status":"publish","type":"post","link":"https:\/\/lea-festival.com\/es\/%ce%b5%cf%80%ce%b9%cf%83%ce%b7%ce%bc%ce%b7-%cf%84%ce%b5%ce%bb%ce%b5%cf%84%ce%b7-%ce%b5%ce%b3%ce%ba%ce%b1%ce%af%ce%bd%ce%b9%ce%b1-%cf%84%ce%b7%cf%82-1%ce%b7%cf%82-%ce%ad%ce%ba%ce%b8%ce%b5%cf%83%ce%b7\/","title":{"rendered":"ACTO OFICIAL | Inauguraci\u00f3n del I Sal\u00f3n de Humor LEA"},"content":{"rendered":"<p><b>Instituto Cervantes de Atenas, Sala de Exposiciones<\/b><\/p>\n<p><b>Lunes 17 de junio<\/b><\/p>\n<p><b>Hora: 19.00 h<\/b><\/p>\n<p><span style=\"font-weight: 400;\">El presidente honorario del Festival LEA, Petros M\u00e1rkaris, la directora del Instituto Cervantes de Atenas, Pilar Tena, y la humorista gr\u00e1fica Adriana Mosquera (Nani) inauguran el <\/span><b>I Sal\u00f3n del Humor LEA<\/b><span style=\"font-weight: 400;\"> el lunes 17 de junio a las 19.00 h en el Instituto Cervantes de Atenas.<\/span><\/p>\n<p><span style=\"font-weight: 400;\">En febrero del 2024 el Festival LEA lanz\u00f3 una convocatoria a nivel internacional para la creaci\u00f3n del <\/span><b>I Sal\u00f3n del Humor del Festival LEA.<\/b><span style=\"font-weight: 400;\">. Ha establecido acuerdos con la humorista gr\u00e1fica colombiana Adriana Mosquera (<\/span><b>Nani<\/b><span style=\"font-weight: 400;\">), el Encuentro Internacional de Caricatura e Historieta (<\/span><b>EICH<\/b><span style=\"font-weight: 400;\">), y el Centro Universitario de Arte, Arquitectura y Dise\u00f1o de la Universidad de Guadalajara-Jalisco-M\u00e9xico<\/span><b>CUADD<\/b><span style=\"font-weight: 400;\">), as\u00ed como con el Instituto Quevedo de las Artes del Humor (<\/span><b>IQH<\/b><span style=\"font-weight: 400;\">) de la Fundaci\u00f3n General de la Universidad de Alcal\u00e1 -Espa\u00f1a -Espa\u00f1a (<\/span><b>UAH<\/b><span style=\"font-weight: 400;\">).<\/span><\/p>\n<p><span style=\"font-weight: 400;\">Se presentaron m\u00e1s de 210 obras de las cuales se seleccionaron 100 de 45 participantes representantes de los pa\u00edses de Am\u00e9rica Latina, Espa\u00f1a, Grecia, Portugal pero tambi\u00e9n de otros pa\u00edses como China, Egipto, Ir\u00e1n, Rusia, Ucrania, Serbia, Kurdist\u00e1n, Uzbekist\u00e1n, Marruecos,  Siria, Malasia, Indonesia entre otros.<\/span><\/p>\n<p><span style=\"font-weight: 400;\">Atenas ser\u00e1 sede de la primera exposici\u00f3n resultado de esta convocatoria, que luego seguir\u00e1 su itinerancia en varios pa\u00edses como M\u00e9xico, Espa\u00f1a y Colombia. El Humor Gr\u00e1fico mundial se re\u00fane bajo el tema \"Puentes culturales: Am\u00e9rica Latina, Espa\u00f1a, Grecia y Portugal\", con un enfoque en la promoci\u00f3n de la lectura.<\/span><\/p>\n<p><span style=\"font-weight: 400;\">El jurado, formado por Omar Figueroa Turcios, Juan Garc\u00eda (Instituto Quevedo del Humor), Jorge Gonz\u00e1lez (Universidad de Guadalajara), Adriana Mart\u00ednez (Festival LEA), Adriana Mosquera Nani, Antonis Nicolopulos Soloup (Grecia) y Nanna Papanicolaou (Instituto Cervantes), dar\u00e1 a conocer los nombres de los 20 finalistas del concurso. Posteriormente, el rector general de la Universidad de Guadalajara, Ricardo Villanueva Lomel\u00ed,  dar\u00e1 a conocer al ganador del Primer Premio mientras que Juan Garc\u00eda, del Instituto Quevedo del Humor (<\/span><b>IQH<\/b><span style=\"font-weight: 400;\">), anunciar\u00e1 el del segundo premio.<\/span><\/p>\n<p><span style=\"font-weight: 400;\">* <strong>Duraci\u00f3n de la Exposici\u00f3n:<\/strong>Del 17 de junio al 17 de julio<\/span><\/p>\n<p><span style=\"font-weight: 400;\">* <strong>Horarios:<\/strong> De lunes a viernes de 09.00-14.30 h y los d\u00edas que hay actividad del Festival  LEA  en el Instituto Cervantes de Atenas (17-20 de junio y 25-27 de junio), hasta las 21.00 h.<\/span><\/p>\n<p><span style=\"font-weight: 400;\">* En espa\u00f1ol y griego.<\/span><\/p>\n<p><span style=\"font-weight: 400;\">\u00a0<\/span><span style=\"font-weight: 400;\">Con el apoyo del Instituto Cervantes de Atenas, <\/span><b>de Adriana Mosquera (Nani)<\/b><span style=\"font-weight: 400;\">), el Encuentro Internacional de Caricatura e Historieta (<\/span><b>EICH<\/b><span style=\"font-weight: 400;\">) y el Centro Universitario de Arte, Arquitectura y Dise\u00f1o de la Universidad de Guadalajara-Jalisco-M\u00e9xico (<\/span><b>CUADD<\/b><span style=\"font-weight: 400;\">), as\u00ed como  del Instituto Quevedo de las Artes del Humor (<\/span><b>IQH<\/b><span style=\"font-weight: 400;\">) de la Fundaci\u00f3n General de la Universidad de Alcal\u00e1 -Espa\u00f1a -Espa\u00f1a (<\/span><b>UAH<\/b><span style=\"font-weight: 400;\">).<\/span><\/p>","protected":false},"excerpt":{"rendered":"<p>\u0399\u03bd\u03c3\u03c4\u03b9\u03c4\u03bf\u03cd\u03c4\u03bf \u0398\u03b5\u03c1\u03b2\u03ac\u03bd\u03c4\u03b5\u03c2 \u03c4\u03b7\u03c2 \u0391\u03b8\u03ae\u03bd\u03b1\u03c2 \u2013 \u0391\u03af\u03b8\u03bf\u03c5\u03c3\u03b1 \u03b5\u03ba\u03b8\u03ad\u03c3\u03b5\u03c9\u03bd \u0394\u03b5\u03c5\u03c4\u03ad\u03c1\u03b1 17 \u0399\u03bf\u03c5\u03bd\u03af\u03bf\u03c5 \u038f\u03c1\u03b1: 19.00 \u039f \u03b5\u03c0\u03af\u03c4\u03b9\u03bc\u03bf\u03c2 \u03c0\u03c1\u03cc\u03b5\u03b4\u03c1\u03bf\u03c2 \u03c4\u03bf\u03c5 \u03a6\u03b5\u03c3\u03c4\u03b9\u03b2\u03ac\u03bb \u039b\u0395\u0391, \u03a0\u03ad\u03c4\u03c1\u03bf\u03c2 \u039c\u03ac\u03c1\u03ba\u03b1\u03c1\u03b7\u03c2, \u03b7 \u03b4\u03b9\u03b5\u03c5\u03b8\u03cd\u03bd\u03c4\u03c1\u03b9\u03b1 \u03c4\u03bf\u03c5 \u0399\u03bd\u03c3\u03c4\u03b9\u03c4\u03bf\u03cd\u03c4\u03bf\u03c5 \u0398\u03b5\u03c1\u03b2\u03ac\u03bd\u03c4\u03b5\u03c2 \u0391\u03b8\u03b7\u03bd\u03ce\u03bd, \u03a0\u03b9\u03bb\u03ac\u03c1 \u03a4\u03ad\u03bd\u03b1 \u03ba\u03b1\u03b9 \u03b7 \u03b3\u03b5\u03bb\u03bf\u03b9\u03bf\u03b3\u03c1\u03ac\u03c6\u03bf\u03c2 \u0391\u03b4\u03c1\u03b9\u03ac\u03bd\u03b1 \u039c\u03bf\u03c3\u03ba\u03ad\u03c1\u03b1 (Nani),\u00a0 \u03b5\u03b3\u03ba\u03b1\u03b9\u03bd\u03b9\u03ac\u03b6\u03bf\u03c5\u03bd \u03c4\u03b7\u03bd 1\u03b7\u00a0 \u0388\u03ba\u03b8\u03b5\u03c3\u03b7\u03c2 \u0393\u03b5\u03bb\u03bf\u03b9\u03bf\u03b3\u03c1\u03b1\u03c6\u03af\u03b1\u03c2 \u039b\u0395\u0391 \u03c4\u03b7 \u0394\u03b5\u03c5\u03c4\u03ad\u03c1\u03b1 17 \u0399\u03bf\u03c5\u03bd\u03af\u03bf\u03c5 \u03c3\u03c4\u03b9\u03c2 19:00 \u03c3\u03c4\u03bf \u0399\u03bd\u03c3\u03c4\u03b9\u03c4\u03bf\u03cd\u03c4\u03bf \u0398\u03b5\u03c1\u03b2\u03ac\u03bd\u03c4\u03b5\u03c2. \u03a4\u03bf\u03bd \u03a6\u03b5\u03b2\u03c1\u03bf\u03c5\u03ac\u03c1\u03b9\u03bf \u03c4\u03bf\u03c5 2024, \u03c4\u03bf \u03a6\u03b5\u03c3\u03c4\u03b9\u03b2\u03ac\u03bb [&hellip;]<\/p>","protected":false},"author":9,"featured_media":4464,"comment_status":"open","ping_status":"open","sticky":false,"template":"","format":"standard","meta":{"footnotes":""},"categories":[49],"tags":[],"class_list":["post-4344","post","type-post","status-publish","format-standard","has-post-thumbnail","hentry","category-programma-2024"],"_links":{"self":[{"href":"https:\/\/lea-festival.com\/es\/wp-json\/wp\/v2\/posts\/4344","targetHints":{"allow":["GET"]}}],"collection":[{"href":"https:\/\/lea-festival.com\/es\/wp-json\/wp\/v2\/posts"}],"about":[{"href":"https:\/\/lea-festival.com\/es\/wp-json\/wp\/v2\/types\/post"}],"author":[{"embeddable":true,"href":"https:\/\/lea-festival.com\/es\/wp-json\/wp\/v2\/users\/9"}],"replies":[{"embeddable":true,"href":"https:\/\/lea-festival.com\/es\/wp-json\/wp\/v2\/comments?post=4344"}],"version-history":[{"count":4,"href":"https:\/\/lea-festival.com\/es\/wp-json\/wp\/v2\/posts\/4344\/revisions"}],"predecessor-version":[{"id":4453,"href":"https:\/\/lea-festival.com\/es\/wp-json\/wp\/v2\/posts\/4344\/revisions\/4453"}],"wp:featuredmedia":[{"embeddable":true,"href":"https:\/\/lea-festival.com\/es\/wp-json\/wp\/v2\/media\/4464"}],"wp:attachment":[{"href":"https:\/\/lea-festival.com\/es\/wp-json\/wp\/v2\/media?parent=4344"}],"wp:term":[{"taxonomy":"category","embeddable":true,"href":"https:\/\/lea-festival.com\/es\/wp-json\/wp\/v2\/categories?post=4344"},{"taxonomy":"post_tag","embeddable":true,"href":"https:\/\/lea-festival.com\/es\/wp-json\/wp\/v2\/tags?post=4344"}],"curies":[{"name":"wp","href":"https:\/\/api.w.org\/{rel}","templated":true}]}}