{"id":4422,"date":"2024-05-26T18:31:01","date_gmt":"2024-05-26T18:31:01","guid":{"rendered":"https:\/\/lea-festival.com\/?p=4422"},"modified":"2024-06-13T14:07:33","modified_gmt":"2024-06-13T14:07:33","slug":"%cf%80%ce%b1%cf%81%ce%bf%cf%85%cf%83%ce%b9%ce%b1%cf%83%ce%b7-%ce%b2%ce%b9%ce%b2%ce%bb%ce%b9%ce%bf%cf%85-%ce%b7-%ce%b4%ce%b9%ce%ba%ce%b7-%ce%bc%ce%b1%cf%82-%cf%80%ce%bb%ce%b5%cf%85%cf%81%ce%ac-%cf%84","status":"publish","type":"post","link":"https:\/\/lea-festival.com\/es\/%cf%80%ce%b1%cf%81%ce%bf%cf%85%cf%83%ce%b9%ce%b1%cf%83%ce%b7-%ce%b2%ce%b9%ce%b2%ce%bb%ce%b9%ce%bf%cf%85-%ce%b7-%ce%b4%ce%b9%ce%ba%ce%b7-%ce%bc%ce%b1%cf%82-%cf%80%ce%bb%ce%b5%cf%85%cf%81%ce%ac-%cf%84\/","title":{"rendered":"PRESENTACI\u00d3N DE LIBRO | \u201cNuestra parte de noche\u201d de Mariana Enriquez, en traducci\u00f3n de Cristina Theodoropulu"},"content":{"rendered":"<p class=\"translation-block\"><b>Instituto Cervantes de Atenas \u2013 <\/b><b>Terraza<\/b><\/p>\n<p><b>19.30 h \u00a0\u2013 20.20 h<\/b><\/p>\n<p><b>Mi\u00e9rcoles 26 de junio<\/b><\/p>\n<p><a href=\"https:\/\/www.youtube.com\/live\/-LrJBElBkeY\"><strong>\u03a3\u03cd\u03bd\u03b4\u03b5\u03c3\u03b7 Live Stream<\/strong><\/a><\/p>\n<p><span style=\"font-weight: 400;\">Una novela fascinante que fusiona la herencia, la paternidad y lo pol\u00edtico en el contexto de la Argentina de la dictadura militar. En un viaje hacia las cataratas de Iguaz\u00fa, padre e hijo enfrentan controles militares y un destino oscuro. Gaspar, el hijo, est\u00e1 destinado a ser <\/span><span style=\"font-weight: 400;\">medium <\/span><span style=\"font-weight: 400;\">en una sociedad secreta que busca la vida eterna mediante rituales brutales. La trama revela la historia de la Orden, arraigada en una poderosa familia y sus conexiones desde \u00c1frica hasta Argentina. La narrativa teje casas mutantes, rituales siniestros y la represi\u00f3n de la dictadura. Enr\u00edquez captura la angustia de la \u00e9poca con la llegada incierta de la democracia y los brotes del sida. Esta obra, que combina lo \u00edntimo y lo pol\u00edtico, consolida a Mariana Enr\u00edquez como una voz destacada en la literatura latinoamericana contempor\u00e1nea.<\/span><\/p>\n<p><span style=\"font-weight: 400;\">\u00a0<\/span><\/p>\n<p><span style=\"font-weight: 400;\">La escritora argentina <\/span><b>Mariana Enr\u00edquez<\/b><span style=\"font-weight: 400;\"> conversa con la escritora griega Alexandra K* sobre este libro en particular y sobre su obra en general. Modera la escritora espa\u00f1ola y director del Instituto Cervantes de Atenas, Pilar Tena<\/span><\/p>\n<p><span style=\"font-weight: 400;\">\u00a0<\/span><\/p>\n<ul>\n<li><span style=\"font-weight: 400;\"> En espa\u00f1ol y griego<\/span><\/li>\n<\/ul>\n<p><span style=\"font-weight: 400;\">\u00a0<\/span><\/p>\n<p><span style=\"font-weight: 400;\">Con el apoyo de la Embajada de Argentina, el Instituto Cervantes de Atenas, y la Editorial Patakis.<\/span><\/p>\n<ul>\n<li><b><i><\/i><\/b><span><b><i>Para seguir la traducci\u00f3n simult\u00e1nea necesita un \u201ctel\u00e9fono inteligente\u201d con auriculares y haber descargado la aplicaci\u00f3n LIVE VOICE.  Habr\u00e1 in situ  instrucciones para conectarse con cada actividad.<\/i><\/b><\/span><\/li>\n<\/ul>","protected":false},"excerpt":{"rendered":"<p>\u0399\u03bd\u03c3\u03c4\u03b9\u03c4\u03bf\u03cd\u03c4\u03bf \u0398\u03b5\u03c1\u03b2\u03ac\u03bd\u03c4\u03b5\u03c2 \u03c4\u03b7\u03c2 \u0391\u03b8\u03ae\u03bd\u03b1\u03c2 \u2013 \u03a4\u03b1\u03c1\u03ac\u03c4\u03c3\u03b1 19.30 h \u00a0&#8211; 20.20 h \u03a4\u03b5\u03c4\u03ac\u03c1\u03c4\u03b7 26 \u0399\u03bf\u03c5\u03bd\u03af\u03bf\u03c5 \u03a3\u03cd\u03bd\u03b4\u03b5\u03c3\u03b7 Live Stream \u0388\u03bd\u03b1 \u03c3\u03c5\u03bd\u03b1\u03c1\u03c0\u03b1\u03c3\u03c4\u03b9\u03ba\u03cc \u03bc\u03c5\u03b8\u03b9\u03c3\u03c4\u03cc\u03c1\u03b7\u03bc\u03b1 \u03c0\u03bf\u03c5 \u03bc\u03c0\u03bb\u03ad\u03ba\u03b5\u03b9 \u03c4\u03b7\u03bd \u03ba\u03bb\u03b7\u03c1\u03bf\u03bd\u03bf\u03bc\u03b9\u03ac, \u03c4\u03b7\u03bd \u03c0\u03b1\u03c4\u03c1\u03cc\u03c4\u03b7\u03c4\u03b1 \u03ba\u03b1\u03b9 \u03c4\u03b7\u03bd \u03c0\u03bf\u03bb\u03b9\u03c4\u03b9\u03ba\u03ae \u03c3\u03c4\u03bf \u03c0\u03bb\u03b1\u03af\u03c3\u03b9\u03bf \u03c4\u03b7\u03c2 \u03c3\u03c4\u03c1\u03b1\u03c4\u03b9\u03c9\u03c4\u03b9\u03ba\u03ae\u03c2 \u03b4\u03b9\u03ba\u03c4\u03b1\u03c4\u03bf\u03c1\u03af\u03b1\u03c2 \u03c4\u03b7\u03c2 \u0391\u03c1\u03b3\u03b5\u03bd\u03c4\u03b9\u03bd\u03ae\u03c2. \u03a3\u03b5 \u03ad\u03bd\u03b1 \u03c4\u03b1\u03be\u03af\u03b4\u03b9 \u03c3\u03c4\u03bf\u03c5\u03c2 \u03ba\u03b1\u03c4\u03b1\u03c1\u03c1\u03ac\u03ba\u03c4\u03b5\u03c2 \u0399\u03b3\u03ba\u03bf\u03c5\u03b1\u03c3\u03bf\u03cd, \u03c0\u03b1\u03c4\u03ad\u03c1\u03b1\u03c2 \u03ba\u03b1\u03b9 \u03b3\u03b9\u03bf\u03c2 \u03b1\u03bd\u03c4\u03b9\u03bc\u03b5\u03c4\u03c9\u03c0\u03af\u03b6\u03bf\u03c5\u03bd \u03c3\u03c4\u03c1\u03b1\u03c4\u03b9\u03c9\u03c4\u03b9\u03ba\u03bf\u03cd\u03c2 \u03b5\u03bb\u03ad\u03b3\u03c7\u03bf\u03c5\u03c2 \u03ba\u03b1\u03b9 \u03ad\u03bd\u03b1 \u03c3\u03ba\u03bf\u03c4\u03b5\u03b9\u03bd\u03cc \u03c0\u03b5\u03c0\u03c1\u03c9\u03bc\u03ad\u03bd\u03bf. \u039f \u0393\u03b1\u03c3\u03c0\u03ac\u03c1, \u03bf [&hellip;]<\/p>","protected":false},"author":9,"featured_media":4806,"comment_status":"open","ping_status":"open","sticky":false,"template":"","format":"standard","meta":{"footnotes":""},"categories":[49],"tags":[],"class_list":["post-4422","post","type-post","status-publish","format-standard","has-post-thumbnail","hentry","category-programma-2024"],"_links":{"self":[{"href":"https:\/\/lea-festival.com\/es\/wp-json\/wp\/v2\/posts\/4422","targetHints":{"allow":["GET"]}}],"collection":[{"href":"https:\/\/lea-festival.com\/es\/wp-json\/wp\/v2\/posts"}],"about":[{"href":"https:\/\/lea-festival.com\/es\/wp-json\/wp\/v2\/types\/post"}],"author":[{"embeddable":true,"href":"https:\/\/lea-festival.com\/es\/wp-json\/wp\/v2\/users\/9"}],"replies":[{"embeddable":true,"href":"https:\/\/lea-festival.com\/es\/wp-json\/wp\/v2\/comments?post=4422"}],"version-history":[{"count":4,"href":"https:\/\/lea-festival.com\/es\/wp-json\/wp\/v2\/posts\/4422\/revisions"}],"predecessor-version":[{"id":4844,"href":"https:\/\/lea-festival.com\/es\/wp-json\/wp\/v2\/posts\/4422\/revisions\/4844"}],"wp:featuredmedia":[{"embeddable":true,"href":"https:\/\/lea-festival.com\/es\/wp-json\/wp\/v2\/media\/4806"}],"wp:attachment":[{"href":"https:\/\/lea-festival.com\/es\/wp-json\/wp\/v2\/media?parent=4422"}],"wp:term":[{"taxonomy":"category","embeddable":true,"href":"https:\/\/lea-festival.com\/es\/wp-json\/wp\/v2\/categories?post=4422"},{"taxonomy":"post_tag","embeddable":true,"href":"https:\/\/lea-festival.com\/es\/wp-json\/wp\/v2\/tags?post=4422"}],"curies":[{"name":"wp","href":"https:\/\/api.w.org\/{rel}","templated":true}]}}