{"id":5366,"date":"2025-05-26T11:42:32","date_gmt":"2025-05-26T11:42:32","guid":{"rendered":"https:\/\/lea-festival.com\/?p=5366"},"modified":"2025-06-08T09:28:00","modified_gmt":"2025-06-08T09:28:00","slug":"%ce%b5%ce%b3%ce%ba%ce%b1%ce%b9%ce%bd%ce%b9%ce%b1-%ce%b5%ce%ba%ce%b8%ce%b5%cf%83%ce%b7%cf%82-2%ce%b7-%ce%ad%ce%ba%ce%b8%ce%b5%cf%83%ce%b7-%ce%b3%ce%b5%ce%bb%ce%bf%ce%b9%ce%bf%ce%b3%cf%81%ce%b1%cf%86","status":"publish","type":"post","link":"https:\/\/lea-festival.com\/es\/%ce%b5%ce%b3%ce%ba%ce%b1%ce%b9%ce%bd%ce%b9%ce%b1-%ce%b5%ce%ba%ce%b8%ce%b5%cf%83%ce%b7%cf%82-2%ce%b7-%ce%ad%ce%ba%ce%b8%ce%b5%cf%83%ce%b7-%ce%b3%ce%b5%ce%bb%ce%bf%ce%b9%ce%bf%ce%b3%cf%81%ce%b1%cf%86\/","title":{"rendered":"INAUGURACI\u00d3N EXPOSICI\u00d3N | II Sal\u00f3n del Humor LEA: El libro como reflejo entre culturas"},"content":{"rendered":"<p><b>Instituto Cervantes de Atenas - Sala de Exposiciones<\/b><\/p>\n<p><b>18.00 &#8211; 18.50<\/b><\/p>\n<p><b>Mi\u00e9rcoles 11 de junio<\/b><\/p>\n<p><span style=\"font-weight: 400;\">El presidente honorario del Festival LEA, Petros M\u00e1rkaris, la directora del Instituto Cervantes de Atenas, Pilar Tena, y la humorista gr\u00e1fica Adriana Mosquera inauguran el II Sal\u00f3n del Humor LEA el mi\u00e9rcoles 11 de junio a las 18.00 h en el Instituto Cervantes de Atenas.<\/span><\/p>\n<p><span style=\"font-weight: 400;\">\u00a0<\/span><\/p>\n<p><span style=\"font-weight: 400;\">En enero del 2025 el Festival LEA lanz\u00f3 una convocatoria a nivel internacional para la creaci\u00f3n del I Sal\u00f3n del Humor del Festival LEA. Ha establecido acuerdos con la humorista gr\u00e1fica colombiana Adriana Nani Mosquera, el Encuentro Internacional de Caricatura e Historieta (EICH) y el Centro Universitario de Arte, Arquitectura y Dise\u00f1o de la Universidad de Guadalajara-Jalisco-M\u00e9xico (CUADD), as\u00ed como con el Instituto Quevedo de las Artes del Humor (IQH) de la Fundaci\u00f3n General de la Universidad de Alcal\u00e1 -Espa\u00f1a (UAH).<\/span><\/p>\n<p><span style=\"font-weight: 400;\">\u00a0<\/span><\/p>\n<p><span style=\"font-weight: 400;\">Se presentaron m\u00e1s de 400 obras de las cuales se seleccionaron 100 de 45 participantes representantes de  Am\u00e9rica Latina, Espa\u00f1a, Grecia, y Portugal, pero tambi\u00e9n de otros pa\u00edses como China, Egipto, Estados Unidos, Ir\u00e1n, Rusia, Ucrania, Serbia, Kurdist\u00e1n, Uzbekist\u00e1n, Marruecos,  Siria, Malasia, o Indonesia.<\/span><\/p>\n<p><span style=\"font-weight: 400;\">\u00a0<\/span><\/p>\n<p><span style=\"font-weight: 400;\">Atenas ser\u00e1 sede de la segunda exposici\u00f3n resultado de esta convocatoria, que luego seguir\u00e1 su itinerancia en pa\u00edses como M\u00e9xico, Espa\u00f1a y Colombia. El Humor Gr\u00e1fico mundial se re\u00fane bajo el tema \u201cEl libro como reflejo entre culturas\u201d.<\/span><\/p>\n<p><span style=\"font-weight: 400;\">\u00a0<\/span><\/p>\n<p><span style=\"font-weight: 400;\">El jurado, formado por Juan Garc\u00eda (Instituto Quevedo del Humor), Jorge Gonz\u00e1lez (Universidad de Guadalajara), Adriana Mart\u00ednez (Festival LEA), Adriana Nani Mosquera, Dimitris Giorgopalis (Grecia) Melissa Ortiz (Feria del Libro de Bucaramanga) y Bolig\u00e1n (Cuba-M\u00e9xico), dar\u00e1 a conocer los nombres de los 4 finalistas del concurso. Posteriormente, el director del Encuentro Internacional de Caricatura e Historieta (EICH) de la Universidad de Guadalajara, Dr.Eduardo Galindo,  dar\u00e1 a conocer a los ganadores del Primer y segundo Premio del concurso internacional de Humor gr\u00e1fico del Festival LEA. La curadur\u00eda de la exposici\u00f3n est\u00e1 a cargo de la humorista gr\u00e1fica Adriana Nani Mosquera.<\/span><\/p>\n<p><span style=\"font-weight: 400;\">\u00a0<\/span><\/p>\n<p><span style=\"font-weight: 400;\">En el marco de esta exposici\u00f3n, se llevar\u00e1 a cabo un homenaje a los 30 a\u00f1os del personaje \u201cMagola\u201d de la artista colombo-espa\u00f1ola, Adriana Nani Mosquera.<\/span><\/p>\n<p><span style=\"font-weight: 400;\">\u00a0A continuaci\u00f3n, la Embajada de Panam\u00e1 ofrecer\u00e1 un brindis de honor\u00a0<\/span><\/p>\n<p><span style=\"font-weight: 400;\">\u00a0<\/span><\/p>\n<ul>\n<li><span style=\"font-weight: 400;\"> En espa\u00f1ol y griego<\/span><\/li>\n<li><span style=\"font-weight: 400;\"> Fechas de la Exposici\u00f3n: Del 11 de junio al 27 de julio<\/span><\/li>\n<li><span style=\"font-weight: 400;\"> Horarios: De lunes a viernes de 09.00-14.30 h y los d\u00edas que hay actividad del Festival  LEA  en el Instituto Cervantes de Atenas (11-20 de junio, hasta las 22.00 h.)<\/span><\/li>\n<\/ul>\n<p><span style=\"font-weight: 400;\"> \u00a0<\/span><\/p>\n<p><span style=\"font-weight: 400;\">Con el apoyo del Instituto Cervantes de Atenas, el Encuentro Internacional de Caricatura e Historieta (EICH) y el Centro Universitario de Arte, Arquitectura y Dise\u00f1o de la Universidad de Guadalajara-Jalisco-M\u00e9xico (CUADD), as\u00ed como  del Instituto Quevedo de las Artes del Humor (IQH) de la Fundaci\u00f3n General de la Universidad de Alcal\u00e1 -Espa\u00f1a (UAH).<\/span><\/p>\n<p>&nbsp;<\/p>","protected":false},"excerpt":{"rendered":"<p>\u0399\u03bd\u03c3\u03c4\u03b9\u03c4\u03bf\u03cd\u03c4\u03bf \u0398\u03b5\u03c1\u03b2\u03ac\u03bd\u03c4\u03b5\u03c2 \u03c4\u03b7\u03c2 \u0391\u03b8\u03ae\u03bd\u03b1\u03c2 \u2013 \u0391\u03af\u03b8\u03bf\u03c5\u03c3\u03b1 \u0395\u03ba\u03b8\u03ad\u03c3\u03b5\u03c9\u03bd 18.00 &#8211; 18.50 \u03a4\u03b5\u03c4\u03ac\u03c1\u03c4\u03b7 11 \u0399\u03bf\u03c5\u03bd\u03af\u03bf\u03c5 \u039f \u03b5\u03c0\u03af\u03c4\u03b9\u03bc\u03bf\u03c2 \u03c0\u03c1\u03cc\u03b5\u03b4\u03c1\u03bf\u03c2 \u03c4\u03bf\u03c5 \u03a6\u03b5\u03c3\u03c4\u03b9\u03b2\u03ac\u03bb \u039b\u0395\u0391, \u03a0\u03ad\u03c4\u03c1\u03bf\u03c2 \u039c\u03ac\u03c1\u03ba\u03b1\u03c1\u03b7\u03c2, \u03b7 \u03b4\u03b9\u03b5\u03c5\u03b8\u03cd\u03bd\u03c4\u03c1\u03b9\u03b1 \u03c4\u03bf\u03c5 \u0399\u03bd\u03c3\u03c4\u03b9\u03c4\u03bf\u03cd\u03c4\u03bf\u03c5 \u0398\u03b5\u03c1\u03b2\u03ac\u03bd\u03c4\u03b5\u03c2 \u03c4\u03b7\u03c2 \u0391\u03b8\u03ae\u03bd\u03b1\u03c2, \u03a0\u03b9\u03bb\u03ac\u03c1 \u03a4\u03ad\u03bd\u03b1, \u03ba\u03b1\u03b9 \u03b7 \u03b3\u03b5\u03bb\u03bf\u03b9\u03bf\u03b3\u03c1\u03ac\u03c6\u03bf\u03c2 \u0391\u03b4\u03c1\u03b9\u03ac\u03bd\u03b1 \u039c\u03bf\u03c3\u03ba\u03ad\u03c1\u03b1 \u03b8\u03b1 \u03b5\u03b3\u03ba\u03b1\u03b9\u03bd\u03b9\u03ac\u03c3\u03bf\u03c5\u03bd \u03c4\u03b7 2\u03b7 \u0388\u03ba\u03b8\u03b5\u03c3\u03b7 \u0393\u03b5\u03bb\u03bf\u03b9\u03bf\u03b3\u03c1\u03b1\u03c6\u03af\u03b1\u03c2 \u039b\u0395\u0391 \u03c4\u03b7\u03bd \u03a4\u03b5\u03c4\u03ac\u03c1\u03c4\u03b7 11 \u0399\u03bf\u03c5\u03bd\u03af\u03bf\u03c5 \u03c3\u03c4\u03b9\u03c2 18:00 \u03c3\u03c4\u03bf \u0399\u03bd\u03c3\u03c4\u03b9\u03c4\u03bf\u03cd\u03c4\u03bf \u0398\u03b5\u03c1\u03b2\u03ac\u03bd\u03c4\u03b5\u03c2 \u03c4\u03b7\u03c2 \u0391\u03b8\u03ae\u03bd\u03b1\u03c2. \u00a0 \u03a4\u03bf\u03bd [&hellip;]<\/p>","protected":false},"author":9,"featured_media":5419,"comment_status":"open","ping_status":"open","sticky":false,"template":"","format":"standard","meta":{"footnotes":""},"categories":[54],"tags":[],"class_list":["post-5366","post","type-post","status-publish","format-standard","has-post-thumbnail","hentry","category-programa-2025"],"_links":{"self":[{"href":"https:\/\/lea-festival.com\/es\/wp-json\/wp\/v2\/posts\/5366","targetHints":{"allow":["GET"]}}],"collection":[{"href":"https:\/\/lea-festival.com\/es\/wp-json\/wp\/v2\/posts"}],"about":[{"href":"https:\/\/lea-festival.com\/es\/wp-json\/wp\/v2\/types\/post"}],"author":[{"embeddable":true,"href":"https:\/\/lea-festival.com\/es\/wp-json\/wp\/v2\/users\/9"}],"replies":[{"embeddable":true,"href":"https:\/\/lea-festival.com\/es\/wp-json\/wp\/v2\/comments?post=5366"}],"version-history":[{"count":5,"href":"https:\/\/lea-festival.com\/es\/wp-json\/wp\/v2\/posts\/5366\/revisions"}],"predecessor-version":[{"id":6013,"href":"https:\/\/lea-festival.com\/es\/wp-json\/wp\/v2\/posts\/5366\/revisions\/6013"}],"wp:featuredmedia":[{"embeddable":true,"href":"https:\/\/lea-festival.com\/es\/wp-json\/wp\/v2\/media\/5419"}],"wp:attachment":[{"href":"https:\/\/lea-festival.com\/es\/wp-json\/wp\/v2\/media?parent=5366"}],"wp:term":[{"taxonomy":"category","embeddable":true,"href":"https:\/\/lea-festival.com\/es\/wp-json\/wp\/v2\/categories?post=5366"},{"taxonomy":"post_tag","embeddable":true,"href":"https:\/\/lea-festival.com\/es\/wp-json\/wp\/v2\/tags?post=5366"}],"curies":[{"name":"wp","href":"https:\/\/api.w.org\/{rel}","templated":true}]}}