{"id":5618,"date":"2025-06-02T15:33:54","date_gmt":"2025-06-02T15:33:54","guid":{"rendered":"https:\/\/lea-festival.com\/?p=5618"},"modified":"2025-06-02T15:33:54","modified_gmt":"2025-06-02T15:33:54","slug":"%cf%83%cf%84%cf%81%ce%bf%ce%b3%ce%b3%cf%85%ce%bb%ce%bf-%cf%84%cf%81%ce%b1%cf%80%ce%b5%ce%b6%ce%b9-%ce%b7-%ce%b1%ce%b8%ce%ad%ce%b1%cf%84%ce%b7-%ce%b5%cf%80%ce%af%ce%b4%cf%81%ce%b1%cf%83%ce%b7","status":"publish","type":"post","link":"https:\/\/lea-festival.com\/es\/%cf%83%cf%84%cf%81%ce%bf%ce%b3%ce%b3%cf%85%ce%bb%ce%bf-%cf%84%cf%81%ce%b1%cf%80%ce%b5%ce%b6%ce%b9-%ce%b7-%ce%b1%ce%b8%ce%ad%ce%b1%cf%84%ce%b7-%ce%b5%cf%80%ce%af%ce%b4%cf%81%ce%b1%cf%83%ce%b7\/","title":{"rendered":"MESA REDONDA | El impacto invisible: c\u00f3mo los festivales transforman ciudades."},"content":{"rendered":"<p><b>Instituto Cervantes de Atenas - Terraza\u00a0<\/b><\/p>\n<p><b>19.00 &#8211; 19.50\u00a0<\/b><\/p>\n<p><b>Viernes  20 de junio<\/b><\/p>\n<p><span style=\"font-weight: 400;\">Participan: Eva Or\u00fae, directora de la Feria del Libro de Madrid, Dejanira \u00c1lvarez, directora de la Feria del Libro de Nueva York, Nikos Bakounakis, Presidente de la Fundaci\u00f3n Hel\u00e9nica para Libros y Cultura. Modera: Claudia Neira, directora del Festival Centroam\u00e9rica Cuenta.<\/span><\/p>\n<p><span style=\"font-weight: 400;\">M\u00e1s all\u00e1 de los escenarios y los aplausos, los festivales dejan huellas invisibles en la vida de las ciudades: transforman el paisaje cultural, tejen redes comunitarias y reactivan la memoria colectiva. En esta mesa redonda, Eva Or\u00fae (Feria del Libro de Madrid), Dejanira \u00c1lvarez (Feria del Libro de Nueva York), Nikos Bakounakis (Presidente de la Fundaci\u00f3n Hel\u00e9nica para Libros y Cultura) conversan sobre el poder transformador de los grandes encuentros literarios. Moderado por Claudia Neira (Festival Centroam\u00e9rica Cuenta), el di\u00e1logo propone mirar el impacto de los festivales no solo como acontecimientos peri\u00f3dicos, sino como semillas de cambio urbano, social y emocional.<\/span><\/p>\n<p><span style=\"font-weight: 400;\">Con el apoyo de la Embajada de Espa\u00f1a, el Instituto Cervantes de Atenas, las Ferias del Libro de Madrid, Nueva York y Tesal\u00f3nica, el Festival Centroam\u00e9rica Cuenta y de International Women's Coffee Alliance (IWCA).<\/span><\/p>","protected":false},"excerpt":{"rendered":"<p>\u0399\u03bd\u03c3\u03c4\u03b9\u03c4\u03bf\u03cd\u03c4\u03bf \u0398\u03b5\u03c1\u03b2\u03ac\u03bd\u03c4\u03b5\u03c2 \u03c4\u03b7\u03c2 \u0391\u03b8\u03ae\u03bd\u03b1\u03c2 \u2013 \u03a4\u03b1\u03c1\u03ac\u03c4\u03c3\u03b1\u00a0 19.00 &#8211; 19.50\u00a0 \u03a0\u03b1\u03c1\u03b1\u03c3\u03ba\u03b5\u03c5\u03ae 20 \u0399\u03bf\u03c5\u03bd\u03af\u03bf\u03c5 \u03a3\u03c5\u03bc\u03bc\u03b5\u03c4\u03ad\u03c7\u03bf\u03c5\u03bd: \u0395\u03cd\u03b1 \u039f\u03c5\u03c1\u03bf\u03cd\u03b5, \u03b4\u03b9\u03b5\u03c5\u03b8\u03cd\u03bd\u03c4\u03c1\u03b9\u03b1 \u03c4\u03b7\u03c2 \u0394\u03b9\u03b5\u03b8\u03bd\u03bf\u03cd\u03c2 \u0388\u03ba\u03b8\u03b5\u03c3\u03b7\u03c2 \u0392\u03b9\u03b2\u03bb\u03af\u03bf\u03c5 \u039c\u03b1\u03b4\u03c1\u03af\u03c4\u03b7\u03c2, \u039d\u03c4\u03b5\u03c7\u03b1\u03bd\u03af\u03c1\u03b1 \u0386\u03bb\u03b2\u03b1\u03c1\u03b5\u03c2, \u03b4\u03b9\u03b5\u03c5\u03b8\u03cd\u03bd\u03c4\u03c1\u03b9\u03b1 \u03c4\u03b7\u03c2 \u0394\u03b9\u03b5\u03b8\u03bd\u03bf\u03cd\u03c2 \u0388\u03ba\u03b8\u03b5\u03c3\u03b7\u03c2 \u0392\u03b9\u03b2\u03bb\u03af\u03bf\u03c5 \u039d\u03ad\u03b1\u03c2 \u03a5\u03cc\u03c1\u03ba\u03b7\u03c2, \u039d\u03af\u03ba\u03bf\u03c2 \u039c\u03c0\u03b1\u03ba\u03bf\u03c5\u03bd\u03ac\u03ba\u03b7\u03c2, \u03a0\u03c1\u03cc\u03b5\u03b4\u03c1\u03bf\u03c2 \u03c4\u03bf\u03c5 \u0395\u03bb\u03bb\u03b7\u03bd\u03b9\u03ba\u03bf\u03cd \u0399\u03b4\u03c1\u03cd\u03bc\u03b1\u03c4\u03bf\u03c2 \u0392\u03b9\u03b2\u03bb\u03af\u03bf\u03c5 \u03ba\u03b1\u03b9 \u03a0\u03bf\u03bb\u03b9\u03c4\u03b9\u03c3\u03bc\u03bf\u03cd. \u03a3\u03c5\u03bd\u03c4\u03bf\u03bd\u03af\u03b6\u03b5\u03b9: \u039a\u03bb\u03b1\u03bf\u03cd\u03bd\u03c4\u03b9\u03b1 \u039d\u03ad\u03b9\u03c1\u03b1, \u03b4\u03b9\u03b5\u03c5\u03b8\u03cd\u03bd\u03c4\u03c1\u03b9\u03b1 \u03c4\u03bf\u03c5 \u03a6\u03b5\u03c3\u03c4\u03b9\u03b2\u03ac\u03bb Centroam\u00e9rica Cuenta. \u039c\u03b1\u03ba\u03c1\u03b9\u03ac \u03b1\u03c0\u03cc \u03c4\u03b7 \u03c3\u03ba\u03b7\u03bd\u03ae \u03ba\u03b1\u03b9 \u03c4\u03b1 \u03c7\u03b5\u03b9\u03c1\u03bf\u03ba\u03c1\u03bf\u03c4\u03ae\u03bc\u03b1\u03c4\u03b1, \u03c4\u03b1 [&hellip;]<\/p>","protected":false},"author":9,"featured_media":5602,"comment_status":"open","ping_status":"open","sticky":false,"template":"","format":"standard","meta":{"footnotes":""},"categories":[54],"tags":[],"class_list":["post-5618","post","type-post","status-publish","format-standard","has-post-thumbnail","hentry","category-programa-2025"],"_links":{"self":[{"href":"https:\/\/lea-festival.com\/es\/wp-json\/wp\/v2\/posts\/5618","targetHints":{"allow":["GET"]}}],"collection":[{"href":"https:\/\/lea-festival.com\/es\/wp-json\/wp\/v2\/posts"}],"about":[{"href":"https:\/\/lea-festival.com\/es\/wp-json\/wp\/v2\/types\/post"}],"author":[{"embeddable":true,"href":"https:\/\/lea-festival.com\/es\/wp-json\/wp\/v2\/users\/9"}],"replies":[{"embeddable":true,"href":"https:\/\/lea-festival.com\/es\/wp-json\/wp\/v2\/comments?post=5618"}],"version-history":[{"count":2,"href":"https:\/\/lea-festival.com\/es\/wp-json\/wp\/v2\/posts\/5618\/revisions"}],"predecessor-version":[{"id":5620,"href":"https:\/\/lea-festival.com\/es\/wp-json\/wp\/v2\/posts\/5618\/revisions\/5620"}],"wp:featuredmedia":[{"embeddable":true,"href":"https:\/\/lea-festival.com\/es\/wp-json\/wp\/v2\/media\/5602"}],"wp:attachment":[{"href":"https:\/\/lea-festival.com\/es\/wp-json\/wp\/v2\/media?parent=5618"}],"wp:term":[{"taxonomy":"category","embeddable":true,"href":"https:\/\/lea-festival.com\/es\/wp-json\/wp\/v2\/categories?post=5618"},{"taxonomy":"post_tag","embeddable":true,"href":"https:\/\/lea-festival.com\/es\/wp-json\/wp\/v2\/tags?post=5618"}],"curies":[{"name":"wp","href":"https:\/\/api.w.org\/{rel}","templated":true}]}}