{"id":5896,"date":"2025-06-06T10:42:08","date_gmt":"2025-06-06T10:42:08","guid":{"rendered":"https:\/\/lea-festival.com\/?p=5896"},"modified":"2025-06-07T12:51:09","modified_gmt":"2025-06-07T12:51:09","slug":"%cf%80%cf%81%ce%bf%ce%b2%ce%bf%ce%bb%ce%b7-%cf%84%ce%b1%ce%b9%ce%bd%ce%b9%ce%b1%cf%82-%cf%83%cf%84%ce%b7-%ce%bb%ce%b5%cf%85%ce%ba%cf%89%cf%83%ce%af%ce%b1-paisaje-de-otono","status":"publish","type":"post","link":"https:\/\/lea-festival.com\/es\/%cf%80%cf%81%ce%bf%ce%b2%ce%bf%ce%bb%ce%b7-%cf%84%ce%b1%ce%b9%ce%bd%ce%b9%ce%b1%cf%82-%cf%83%cf%84%ce%b7-%ce%bb%ce%b5%cf%85%ce%ba%cf%89%cf%83%ce%af%ce%b1-paisaje-de-otono\/","title":{"rendered":"PROYECCION DE PELICULA en Nicosia | \u201cVientos de La Habana\u201d, 105 min (2016)"},"content":{"rendered":"<p><b>Librer\u00eda \"TO ERMA\" de Nicosia<\/b><\/p>\n<p><b>19.30<\/b><\/p>\n<p><b>Viernes  20 de junio<\/b><\/p>\n<p><strong>PROYECCION DE PELICULA en Nicosia | \u201cVientos de La Habana\u201d, 105 min (2016)<\/strong><\/p>\n<p><span style=\"font-weight: 400;\">Director: F\u00e9lix Viscarret\u00a0<\/span><\/p>\n<p><span style=\"font-weight: 400;\">Pa\u00eds: Espa\u00f1a \u2013 Cuba \u2013 Alemania<\/span><\/p>\n<p><span style=\"font-weight: 400;\">Guionistas: Luc\u00eda L\u00f3pez Coll, Leonardo Padura y colaboraci\u00f3n de F\u00e9lix Viscarret.\u00a0\u00a0<\/span><\/p>\n<p><span style=\"font-weight: 400;\">Elenco: Jorge Perugorr\u00eda, Carlos Enrique Almirante, Juana Acosta.<\/span><\/p>\n<p>&nbsp;<\/p>\n<p><span style=\"font-weight: 400;\">Mientras los c\u00e1lidos vientos azotan las noches de La Habana, el inspector de polic\u00eda Conde conoce a Karina, una enigm\u00e1tica mujer por la cual se siente profundamente atra\u00eddo. Al mismo tiempo asignan a un polic\u00eda tan poco ortodoxo como \u00e9l la investigaci\u00f3n del asesinato de Lissette N\u00fa\u00f1ez, profesora del mismo instituto preuniversitario donde el propio Conde estudi\u00f3.<\/span><\/p>\n<p>&nbsp;<\/p>\n<p><span style=\"font-weight: 400;\">En espa\u00f1ol con subt\u00edtulos en griego<\/span><\/p>\n<p>&nbsp;<\/p>\n<p><span style=\"font-weight: 400;\">Con el apoyo de Acci\u00f3n Cultural Espa\u00f1ola, las Embajadas de Cuba y de Espa\u00f1a en Chipre, el  Instituto Cervantes, Ediciones Kastaniotis, la librer\u00eda Erma de Nicosia,   la Organizaci\u00f3n Cultural  Ideogramma y el Festival FECHA<\/span><span style=\"font-weight: 400;\"> \u03ba\u03b1\u03b9 \u03c4\u03bf\u03c5 \u03a6\u03b5\u03c3\u03c4\u03b9\u03b2\u03ac\u03bb FeCHA.<\/span><\/p>\n<p>&nbsp;<\/p>","protected":false},"excerpt":{"rendered":"<p>\u0392\u03b9\u03b2\u03bb\u03b9\u03bf\u03c0\u03c9\u03bb\u03b5\u03af\u03bf \u00ab\u03a4\u03bf \u0388\u03c1\u03bc\u03b1\u00bb, \u039b\u03b5\u03c5\u03ba\u03c9\u03c3\u03af\u03b1 19.30 \u03a0\u03b1\u03c1\u03b1\u03c3\u03ba\u03b5\u03c5\u03ae 20 \u0399\u03bf\u03c5\u03bd\u03af\u03bf\u03c5 \u03a0\u03a1\u039f\u0392\u039f\u039b\u0397 \u03a4\u0391\u0399\u039d\u0399\u0391\u03a3 \u03c3\u03c4\u03b7 \u039b\u03b5\u03c5\u03ba\u03c9\u03c3\u03af\u03b1 | \u00ab\u039f\u03b9 \u03ac\u03bd\u03b5\u03bc\u03bf\u03b9 \u03c4\u03b7\u03c2 \u0391\u03b2\u03ac\u03bd\u03b1\u03c2\u00bb, 105 \u03bb\u03b5\u03c0\u03c4\u03ac (2016) \u03a3\u03ba\u03b7\u03bd\u03bf\u03b8\u03b5\u03c3\u03af\u03b1: \u03a6\u03ad\u03bb\u03b9\u03be \u0392\u03b9\u03c3\u03ba\u03b1\u03c1\u03ad\u03c4\u00a0 \u03a7\u03ce\u03c1\u03b1: \u0399\u03c3\u03c0\u03b1\u03bd\u03af\u03b1 \u2013 \u039a\u03bf\u03cd\u03b2\u03b1 \u2013 \u0393\u03b5\u03c1\u03bc\u03b1\u03bd\u03af\u03b1 \u03a3\u03b5\u03bd\u03ac\u03c1\u03b9\u03bf: \u039b\u03bf\u03c5\u03c3\u03af\u03b1 \u039b\u03cc\u03c0\u03b5\u03c2 \u039a\u03bf\u03bb, \u039b\u03b5\u03bf\u03bd\u03ac\u03c1\u03b4\u03bf \u03a0\u03b1\u03b4\u03bf\u03cd\u03c1\u03b1 \u03c3\u03b5 \u03c3\u03c5\u03bd\u03b5\u03c1\u03b3\u03b1\u03c3\u03af\u03b1 \u03bc\u03b5 \u03c4\u03bf\u03bd \u03a6\u03ad\u03bb\u03b9\u03be \u0392\u03b9\u03c3\u03ba\u03b1\u03c1\u03ad\u03c4\u00a0\u00a0 \u03a0\u03b1\u03af\u03b6\u03bf\u03c5\u03bd: \u03a7\u03cc\u03c1\u03c7\u03b5 \u03a0\u03b5\u03c1\u03bf\u03c5\u03b3\u03bf\u03c1\u03af\u03b1, \u039a\u03ac\u03c1\u03bb\u03bf\u03c2 \u0395\u03bd\u03c1\u03af\u03ba\u03b5 \u0391\u03bb\u03bc\u03b9\u03c1\u03ac\u03bd\u03c4\u03b5, \u03a7\u03bf\u03c5\u03ac\u03bd\u03b1 \u0391\u03ba\u03cc\u03c3\u03c4\u03b1 &nbsp; \u039a\u03b1\u03b8\u03ce\u03c2 \u03bf\u03b9 \u03b6\u03b5\u03c3\u03c4\u03bf\u03af \u03ac\u03bd\u03b5\u03bc\u03bf\u03b9 \u03bc\u03b1\u03c3\u03c4\u03b9\u03b3\u03ce\u03bd\u03bf\u03c5\u03bd [&hellip;]<\/p>","protected":false},"author":9,"featured_media":5887,"comment_status":"open","ping_status":"open","sticky":false,"template":"","format":"standard","meta":{"footnotes":""},"categories":[54],"tags":[],"class_list":["post-5896","post","type-post","status-publish","format-standard","has-post-thumbnail","hentry","category-programa-2025"],"_links":{"self":[{"href":"https:\/\/lea-festival.com\/es\/wp-json\/wp\/v2\/posts\/5896","targetHints":{"allow":["GET"]}}],"collection":[{"href":"https:\/\/lea-festival.com\/es\/wp-json\/wp\/v2\/posts"}],"about":[{"href":"https:\/\/lea-festival.com\/es\/wp-json\/wp\/v2\/types\/post"}],"author":[{"embeddable":true,"href":"https:\/\/lea-festival.com\/es\/wp-json\/wp\/v2\/users\/9"}],"replies":[{"embeddable":true,"href":"https:\/\/lea-festival.com\/es\/wp-json\/wp\/v2\/comments?post=5896"}],"version-history":[{"count":4,"href":"https:\/\/lea-festival.com\/es\/wp-json\/wp\/v2\/posts\/5896\/revisions"}],"predecessor-version":[{"id":5970,"href":"https:\/\/lea-festival.com\/es\/wp-json\/wp\/v2\/posts\/5896\/revisions\/5970"}],"wp:featuredmedia":[{"embeddable":true,"href":"https:\/\/lea-festival.com\/es\/wp-json\/wp\/v2\/media\/5887"}],"wp:attachment":[{"href":"https:\/\/lea-festival.com\/es\/wp-json\/wp\/v2\/media?parent=5896"}],"wp:term":[{"taxonomy":"category","embeddable":true,"href":"https:\/\/lea-festival.com\/es\/wp-json\/wp\/v2\/categories?post=5896"},{"taxonomy":"post_tag","embeddable":true,"href":"https:\/\/lea-festival.com\/es\/wp-json\/wp\/v2\/tags?post=5896"}],"curies":[{"name":"wp","href":"https:\/\/api.w.org\/{rel}","templated":true}]}}