{"id":6048,"date":"2025-06-16T09:57:40","date_gmt":"2025-06-16T09:57:40","guid":{"rendered":"https:\/\/lea-festival.com\/?p=6048"},"modified":"2025-06-16T10:01:04","modified_gmt":"2025-06-16T10:01:04","slug":"17%ce%bf-%cf%86%ce%b5%cf%83%cf%84%ce%b9%ce%b2%ce%ac%ce%bb-%ce%bb%ce%b5%ce%b1-%ce%bf%ce%b9-%ce%bd%ce%b9%ce%ba%ce%b7%cf%84%ce%ad%cf%82-%cf%84%ce%bf%cf%85-2%ce%bf%cf%85-%ce%b4%ce%b9%ce%b1%ce%b3%cf%89","status":"publish","type":"post","link":"https:\/\/lea-festival.com\/es\/17%ce%bf-%cf%86%ce%b5%cf%83%cf%84%ce%b9%ce%b2%ce%ac%ce%bb-%ce%bb%ce%b5%ce%b1-%ce%bf%ce%b9-%ce%bd%ce%b9%ce%ba%ce%b7%cf%84%ce%ad%cf%82-%cf%84%ce%bf%cf%85-2%ce%bf%cf%85-%ce%b4%ce%b9%ce%b1%ce%b3%cf%89\/","title":{"rendered":"XVII Festival LEA | El Festival LEA anuncia a los ganadores del Concurso del II Sal\u00f3n del Humor"},"content":{"rendered":"<p>&nbsp;<\/p>\n<p style=\"text-align: center;\"><strong>XVII Festival LEA<\/strong><\/p>\n<p style=\"text-align: center;\"><strong>Comunicado de Prensa<\/strong><\/p>\n<p style=\"text-align: center;\"><strong>El Festival LEA anuncia a los ganadores <\/strong><\/p>\n<p style=\"text-align: center;\"><strong>del Concurso del II Sal\u00f3n del Humor<\/strong><\/p>\n<p class=\"translation-block\"><strong>Atenas, 11 de junio de 2025<\/strong> \u2013 En el marco de la XVII edici\u00f3n del Festival LEA (Literatura en Atenas), que se celebra bajo el auspicio de la Alcald\u00eda de la ciudad de Atenas, se dieron a conocer los ganadores del Concurso del <strong>II Sal\u00f3n del Humor LEA<\/strong>, que este a\u00f1o lleva por tema <strong>\u201cEl libro como reflejo entre culturas\u201d<\/strong>.<\/p>\n<p class=\"translation-block\">El Primer Premio fue otorgado al artista <strong>Michel Moro<\/strong> \u03b1\u03c0\u03cc \u03c4\u03b7\u03bd <strong>Cuba<\/strong> por su obra destacada que refleja con ingenio el Libro como reflejo entre culturas. El Embajador de Cuba en Grecia,  Aram\u00eds Fuente Hern\u00e1ndez, recibi\u00f3 en nombre de Moro el premio de manos del Dr Eduardo Galindo, coordinador del Encuentro Internacional de Caricatura e Historieta de la FIL Guadalajara.<\/p>\n<p><img loading=\"lazy\" decoding=\"async\" class=\"alignnone wp-image-6054\" src=\"https:\/\/lea-festival.com\/wp-content\/uploads\/2025\/06\/WhatsApp-Image-2025-06-16-at-12.39.34-PM-1-300x200.jpeg\" alt=\"\" width=\"377\" height=\"250\" srcset=\"https:\/\/lea-festival.com\/wp-content\/uploads\/2025\/06\/WhatsApp-Image-2025-06-16-at-12.39.34-PM-1-300x200.jpeg 300w, https:\/\/lea-festival.com\/wp-content\/uploads\/2025\/06\/WhatsApp-Image-2025-06-16-at-12.39.34-PM-1-1024x682.jpeg 1024w, https:\/\/lea-festival.com\/wp-content\/uploads\/2025\/06\/WhatsApp-Image-2025-06-16-at-12.39.34-PM-1-768x512.jpeg 768w, https:\/\/lea-festival.com\/wp-content\/uploads\/2025\/06\/WhatsApp-Image-2025-06-16-at-12.39.34-PM-1-1536x1023.jpeg 1536w, https:\/\/lea-festival.com\/wp-content\/uploads\/2025\/06\/WhatsApp-Image-2025-06-16-at-12.39.34-PM-1-18x12.jpeg 18w, https:\/\/lea-festival.com\/wp-content\/uploads\/2025\/06\/WhatsApp-Image-2025-06-16-at-12.39.34-PM-1.jpeg 1600w\" sizes=\"auto, (max-width: 377px) 100vw, 377px\" \/>\u00a0 \u00a0 <img loading=\"lazy\" decoding=\"async\" class=\"alignnone wp-image-6053\" src=\"https:\/\/lea-festival.com\/wp-content\/uploads\/2025\/06\/WhatsApp-Image-2025-06-16-at-12.39.33-PM-300x200.jpeg\" alt=\"\" width=\"363\" height=\"250\" \/>\u00a0 \u00a0\u00a0 <img loading=\"lazy\" decoding=\"async\" class=\"alignnone wp-image-6057\" src=\"https:\/\/lea-festival.com\/wp-content\/uploads\/2025\/06\/WhatsApp-Image-2025-06-16-at-12.39.33-PM-1-e1750067586238-291x300.jpeg\" alt=\"\" width=\"247\" height=\"249\" srcset=\"https:\/\/lea-festival.com\/wp-content\/uploads\/2025\/06\/WhatsApp-Image-2025-06-16-at-12.39.33-PM-1-e1750067586238-150x150.jpeg 150w, https:\/\/lea-festival.com\/wp-content\/uploads\/2025\/06\/WhatsApp-Image-2025-06-16-at-12.39.33-PM-1-e1750067586238-12x12.jpeg 12w, https:\/\/lea-festival.com\/wp-content\/uploads\/2025\/06\/WhatsApp-Image-2025-06-16-at-12.39.33-PM-1-e1750067586238-120x120.jpeg 120w\" sizes=\"auto, (max-width: 247px) 100vw, 247px\" \/><\/p>\n<p>&nbsp;<\/p>\n<p class=\"translation-block\">El <strong>Segundo Premio<\/strong> recay\u00f3 en el reconocido humorista gr\u00e1fico <strong>David Vela<\/strong> de <strong>Espa\u00f1a<\/strong> por su propuesta original y creativa.<\/p>\n<p>&nbsp;<\/p>\n<p class=\"translation-block\">El jurado concedi\u00f3 <strong>Menciones de Honor<\/strong> a las artistas  <strong>Isabel Kowalska-Wieczorek <\/strong>(Polonia) y <strong>Marilena Nardi<\/strong> (Italia), por la calidad art\u00edstica y conceptual de sus trabajos.<\/p>\n<p>La exposici\u00f3n del II Sal\u00f3n del Humor LEA fue inaugurada el mi\u00e9rcoles 11 de junio  a las 18:00 horas en el Instituto Cervantes de Atenas (Skouf\u00e1 31), y podr\u00e1 visitarse hasta el 27 de julio, con entrada libre. La muestra re\u00fane 104 obras seleccionadas entre m\u00e1s de 400 presentadas por 45 artistas de Am\u00e9rica Latina, Espa\u00f1a, Grecia, Portugal y pa\u00edses como China, Ir\u00e1n, Siria, Uzbekist\u00e1n o Malasia.<\/p>\n<p>&nbsp;<\/p>\n<p><strong><img loading=\"lazy\" decoding=\"async\" class=\"alignnone wp-image-6051\" src=\"https:\/\/lea-festival.com\/wp-content\/uploads\/2025\/06\/WhatsApp-Image-2025-06-16-at-12.39.31-PM-300x200.jpeg\" alt=\"\" width=\"356\" height=\"240\" \/> \u00a0<img loading=\"lazy\" decoding=\"async\" class=\"alignnone wp-image-6055\" src=\"https:\/\/lea-festival.com\/wp-content\/uploads\/2025\/06\/WhatsApp-Image-2025-06-16-at-12.39.34-PM-2-300x200.jpeg\" alt=\"\" width=\"362\" height=\"240\" srcset=\"https:\/\/lea-festival.com\/wp-content\/uploads\/2025\/06\/WhatsApp-Image-2025-06-16-at-12.39.34-PM-2-300x200.jpeg 300w, https:\/\/lea-festival.com\/wp-content\/uploads\/2025\/06\/WhatsApp-Image-2025-06-16-at-12.39.34-PM-2-1024x682.jpeg 1024w, https:\/\/lea-festival.com\/wp-content\/uploads\/2025\/06\/WhatsApp-Image-2025-06-16-at-12.39.34-PM-2-768x512.jpeg 768w, https:\/\/lea-festival.com\/wp-content\/uploads\/2025\/06\/WhatsApp-Image-2025-06-16-at-12.39.34-PM-2-1536x1023.jpeg 1536w, https:\/\/lea-festival.com\/wp-content\/uploads\/2025\/06\/WhatsApp-Image-2025-06-16-at-12.39.34-PM-2-18x12.jpeg 18w, https:\/\/lea-festival.com\/wp-content\/uploads\/2025\/06\/WhatsApp-Image-2025-06-16-at-12.39.34-PM-2.jpeg 1600w\" sizes=\"auto, (max-width: 362px) 100vw, 362px\" \/> \u00a0<img loading=\"lazy\" decoding=\"async\" class=\"alignnone wp-image-6056\" src=\"https:\/\/lea-festival.com\/wp-content\/uploads\/2025\/06\/WhatsApp-Image-2025-06-16-at-12.39.31-PM-1-300x200.jpeg\" alt=\"\" width=\"370\" height=\"240\" \/><\/strong><\/p>\n<p>&nbsp;<\/p>\n<p><strong>Los premios del concurso incluyen: <\/strong><\/p>\n<p class=\"translation-block\"><strong>Primer Premio<\/strong>: Viaje a M\u00e9xico con todos los gastos pagados para participar en el Encuentro Internacional de Caricatura e Historieta (EICH) y actividades del CUAAD de la Universidad de Guadalajara, en el marco de la Feria Internacional del Libro de Guadalajara 2025.<\/p>\n<p class=\"translation-block\"><strong>Segundo Premio<\/strong>: 500 euros, cortes\u00eda del Instituto Quevedo de las Artes del Humor (IQH), de la Fundaci\u00f3n General de la Universidad de Alcal\u00e1 (Espa\u00f1a).<\/p>\n<p class=\"translation-block\"><strong>Menciones de Honor<\/strong>: Reconocimiento oficial y participaci\u00f3n en la itinerancia internacional de la exposici\u00f3n.<\/p>\n<p class=\"translation-block\">La curadur\u00eda de la muestra est\u00e1 a cargo de Adriana Nani Mosquera y la  la organizaci\u00f3n del Sal\u00f3n se realiza en colaboraci\u00f3n con el Festival LEA Desarrollo Intercultural, el Encuentro Internacional de Caricatura e Historieta (<strong>EICH<\/strong>) el Centro Universitario de Arte, Arquitectura y Dise\u00f1o (<strong>CUADD<\/strong>) de la Universidad de Guadalajara (M\u00e9xico), y el Instituto Quevedo de las Artes del Humor (<strong>IQH<\/strong>) de Espa\u00f1a.<\/p>\n<p class=\"translation-block\">El <strong>jurado internacional<\/strong> estuvo compuesto por destacados especialistas y artistas de Cuba, Grecia, M\u00e9xico, Colombia y Espa\u00f1a:<\/p>\n<p class=\"translation-block\"><strong>Juan Garc\u00eda<\/strong> (IQH), <strong>Jorge Gonz\u00e1lez<\/strong> (Universidad de Guadalajara), <strong>Adriana Mart\u00ednez<\/strong> (Festival LEA), <strong>Adriana Nani Mosquera<\/strong> (Colombia- Espa\u00f1a), <strong>Dimitris Georgopalis <\/strong> (Grecia),<strong> Melissa Ortiz<\/strong> (Feria del Libro de Bucaramanga) y <strong>Bolig\u00e1n<\/strong> (Cuba-M\u00e9xico).<\/p>\n<p class=\"translation-block\">La exposici\u00f3n viajar\u00e1 pr\u00f3ximamente a <strong>M\u00e9xico<\/strong>, <strong>Espa\u00f1a<\/strong> y <strong>Colombia<\/strong>, consolidando su perfil internacional. Durante la inauguraci\u00f3n en Atenas, tambi\u00e9n se rinde homenaje a los <strong>30 a\u00f1os del personaje \u201cMagola\u201d<\/strong> de la artista colombo-espa\u00f1ola <strong>Adriana Nani Mosquera<\/strong>.<\/p>\n<p>\ud83d\uddd3\ufe0f<strong>Duraci\u00f3n de la Exposici\u00f3n:<\/strong><strong>Fechas de la exposici\u00f3n:<\/strong> del 11 de junio al 27 de julio<\/p>\n<p>\ud83d\udd58<strong>Horarios<\/strong>: Lunes a viernes, de 09:00 a 14:30. Durante los d\u00edas del Festival LEA (11-20 de junio), tambi\u00e9n por la tarde, hasta las 22:00.<\/p>\n<p>\ud83d\udccd<strong>Lugar<\/strong>: Instituto Cervantes de Atenas (Skouf\u00e1 31)<\/p>\n<p class=\"translation-block\">M\u00e1s informaci\u00f3n: <a href=\"https:\/\/lea-festival.com\/es\/\" target=\"_self\">www.lea-festival.com<\/a><\/p>\n<p>El festival se celebrar\u00e1 en Atenas del 10 al 22 de junio, el 14, 19 y 20 de junio en Sal\u00f3nica, el 14 de junio en Lefkada y Patras y estar\u00e1 presente en el Festival del Libro de La Canea, en Creta, del 25 al 28 de junio.  Contar\u00e1 con m\u00e1s de 25 invitados de Argentina, Brasil, Chile, Colombia, Cuba, Espa\u00f1a, M\u00e9xico, Nicaragua, Per\u00fa, Portugal y Uruguay. Alrededor de 30 invitados de Grecia participar\u00e1n en este acontecimiento cultural que crea puentes entre el mundo iberoamericano y Grecia a trav\u00e9s de las palabras y las letras.<\/p>\n<p>Por primera vez, bajo el auspicio del Vice Ministerio de Cultura de Chipre y en colaboraci\u00f3n con el organismo cultural Ideogramma el Festival LEA viajar\u00e1 los d\u00edas 19 y 20 de junio a Nicosia, Chipre, donde se realizar\u00e1n actividades con los escritores Leonardo Padura (Cuba-Espa\u00f1a), Stavros Christodoulou (Chipre), Nora Chatzisotiriou (Chipre), Lili Michalidou (Chipre), y los guionistas Luc\u00eda L\u00f3pez Coll (Cuba) y Stavros Pamballis (Chipre), gracias al apoyo de Acci\u00f3n Cultural Espa\u00f1ola y de las Embajadas de Espa\u00f1a y Cuba en Chipre.<\/p>\n<p class=\"translation-block\"><span>El <strong>Festival LEA<\/strong> es uno de los acontecimientos literarios m\u00e1s destacados de la ciudad de Atenas desde 2008 y el \u00fanico festival cultural en Grecia y Chipre de tem\u00e1tica literaria iberoamericana.<\/span><\/p>\n<p>Este evento cultural es organizado anualmente por la entidad sin \u00e1nimo de lucro LEA Festival Desarrollo Intercultural y el Instituto Cervantes de Atenas, con la participaci\u00f3n de las Embajadas de Argentina, Brasil, Chile, Colombia, Cuba, Espa\u00f1a, M\u00e9xico, Panam\u00e1, Per\u00fa, Portugal, Uruguay y Venezuela, y el Consulado General Honorario de Colombia en Atenas con circunscripci\u00f3n en la Rep\u00fablica Hel\u00e9nica.<\/p>\n<p class=\"translation-block\">El <strong>El XVII Festival LEA<\/strong> se llevar\u00e1 a cabo gracias al apoyo del patrocinador de oro <strong>Libra Philanthropies<\/strong> y al patrocinio de las Embajadas de <strong>Espa\u00f1a, Brasil, Chile, Per\u00fa y Portugal<\/strong>, en Grecia,  <strong> la Embajada de Colombia en Roma<\/strong> recurrente en Grecia, <strong> el Consulado General Honorario de Colombia<\/strong> <strong> en Atenas<\/strong> con circunscripci\u00f3n en la Rep\u00fablica Hel\u00e9nica y la <strong> Fundaci\u00f3n \u201cMar\u00eda Tsakos\u201d<\/strong>, y al inestimable apoyo de <strong>This is Athens<\/strong>, <strong>Acci\u00f3n Cultural Espa\u00f1ola<\/strong>, del <strong>Instituto Cam\u00f5es<\/strong>, el <strong> Instituto Ramon Llull, <\/strong>de <strong>Kyklos Travel<\/strong> y de <strong>Santander<\/strong>. En Chipre se lleva a cabo gracias a la colaboraci\u00f3n con la organizaci\u00f3n cultural <strong>Ideogramma<\/strong> y el apoyo de las Embajadas de <strong>Espa\u00f1a<\/strong> y <strong>Cuba<\/strong> en Nicosia, y el <strong>Aula del Instituto Cervantes<\/strong> <strong>de Nicosia<\/strong>. Todos juntos har\u00e1n posible que una vez m\u00e1s el Festival LEA pueda ofrecer a Grecia y Chipre m\u00e1s de diez d\u00edas llenos de interesantes actividades que sin duda superar\u00e1n con creces las expectativas del p\u00fablico en Atenas, Lefkada, Patras, Sal\u00f3nica, Chipre y Creta.<\/p>\n<p><strong>PRENSA Y COMUNICACI\u00d3N <\/strong><\/p>\n<p>E-MAIL<\/p>\n<p><u>press@lea-festival.com<\/u><\/p>\n<p><u>Lena Matsiori - +30 6972 997338<\/u><\/p>\n<p><u>Miguel Samothrakis - +30 6936 918471<\/u><\/p>\n<p><u>WEBSITE<\/u><\/p>\n<p><a href=\"https:\/\/lea-festival.com\/es\/\">https:\/\/lea-festival.com<\/a><\/p>\n<p>FACEBOOK<\/p>\n<p><a href=\"https:\/\/www.facebook.com\/LEAfestival\">https:\/\/www.facebook.com\/LEAfestival<\/a><\/p>\n<p>INSTAGRAM<\/p>\n<p><a href=\"https:\/\/www.instagram.com\/lea.festival\/\">https:\/\/www.instagram.com\/lea.festival\/<\/a><\/p>","protected":false},"excerpt":{"rendered":"<p>&nbsp; 17\u03bf \u03a6\u03b5\u03c3\u03c4\u03b9\u03b2\u03ac\u03bb \u039b\u0395\u0391 \u0394\u03b5\u03bb\u03c4\u03af\u03bf \u03a4\u03cd\u03c0\u03bf\u03c5 \u03a4\u03bf \u03a6\u03b5\u03c3\u03c4\u03b9\u03b2\u03ac\u03bb \u039b\u0395\u0391 \u0391\u03bd\u03b1\u03ba\u03bf\u03b9\u03bd\u03ce\u03bd\u03b5\u03b9 \u03c4\u03bf\u03c5\u03c2 \u03bd\u03b9\u03ba\u03b7\u03c4\u03ad\u03c2 \u03c4\u03bf\u03c5 2\u03bf\u03c5 \u0394\u03b9\u03b1\u03b3\u03c9\u03bd\u03b9\u03c3\u03bc\u03bf\u03cd \u0393\u03b5\u03bb\u03bf\u03b9\u03bf\u03b3\u03c1\u03b1\u03c6\u03af\u03b1\u03c2 \u039b\u0395\u0391 \u0391\u03b8\u03ae\u03bd\u03b1, 11 \u0399\u03bf\u03c5\u03bd\u03af\u03bf\u03c5 2025 \u2013 \u03a3\u03c4\u03bf \u03c0\u03bb\u03b1\u03af\u03c3\u03b9\u03bf \u03c4\u03b7\u03c2 17\u03b7\u03c2 \u03ad\u03ba\u03b4\u03bf\u03c3\u03b7\u03c2 \u03c4\u03bf\u03c5 \u03a6\u03b5\u03c3\u03c4\u03b9\u03b2\u03ac\u03bb \u039b\u0395\u0391 (\u039b\u03bf\u03b3\u03bf\u03c4\u03b5\u03c7\u03bd\u03af\u03b1 \u0395\u03bd \u0391\u03b8\u03ae\u03bd\u03b1\u03b9\u03c2), \u03c0\u03bf\u03c5 \u03c0\u03c1\u03b1\u03b3\u03bc\u03b1\u03c4\u03bf\u03c0\u03bf\u03b9\u03b5\u03af\u03c4\u03b1\u03b9 \u03c5\u03c0\u03cc \u03c4\u03b7\u03bd \u03b1\u03b9\u03b3\u03af\u03b4\u03b1 \u03c4\u03bf\u03c5 \u0394\u03ae\u03bc\u03bf\u03c5 \u0391\u03b8\u03b7\u03bd\u03b1\u03af\u03c9\u03bd, \u03b1\u03bd\u03b1\u03ba\u03bf\u03b9\u03bd\u03ce\u03b8\u03b7\u03ba\u03b1\u03bd \u03bf\u03b9 \u03bd\u03b9\u03ba\u03b7\u03c4\u03ad\u03c2 \u03c4\u03bf\u03c5 2\u03bf\u03c5 \u0394\u03b9\u03b1\u03b3\u03c9\u03bd\u03b9\u03c3\u03bc\u03bf\u03cd \u0393\u03b5\u03bb\u03bf\u03b9\u03bf\u03b3\u03c1\u03b1\u03c6\u03af\u03b1\u03c2 \u039b\u0395\u0391. \u03a4\u03bf \u03b8\u03ad\u03bc\u03b1 \u03b3\u03b9\u03b1 \u03c6\u03ad\u03c4\u03bf\u03c2 \u03ae\u03c4\u03b1\u03bd \u00ab\u03a4\u03bf [&hellip;]<\/p>","protected":false},"author":9,"featured_media":6050,"comment_status":"open","ping_status":"open","sticky":false,"template":"","format":"standard","meta":{"footnotes":""},"categories":[36,47],"tags":[],"class_list":["post-6048","post","type-post","status-publish","format-standard","has-post-thumbnail","hentry","category-lea","category-premio"],"_links":{"self":[{"href":"https:\/\/lea-festival.com\/es\/wp-json\/wp\/v2\/posts\/6048","targetHints":{"allow":["GET"]}}],"collection":[{"href":"https:\/\/lea-festival.com\/es\/wp-json\/wp\/v2\/posts"}],"about":[{"href":"https:\/\/lea-festival.com\/es\/wp-json\/wp\/v2\/types\/post"}],"author":[{"embeddable":true,"href":"https:\/\/lea-festival.com\/es\/wp-json\/wp\/v2\/users\/9"}],"replies":[{"embeddable":true,"href":"https:\/\/lea-festival.com\/es\/wp-json\/wp\/v2\/comments?post=6048"}],"version-history":[{"count":6,"href":"https:\/\/lea-festival.com\/es\/wp-json\/wp\/v2\/posts\/6048\/revisions"}],"predecessor-version":[{"id":6064,"href":"https:\/\/lea-festival.com\/es\/wp-json\/wp\/v2\/posts\/6048\/revisions\/6064"}],"wp:featuredmedia":[{"embeddable":true,"href":"https:\/\/lea-festival.com\/es\/wp-json\/wp\/v2\/media\/6050"}],"wp:attachment":[{"href":"https:\/\/lea-festival.com\/es\/wp-json\/wp\/v2\/media?parent=6048"}],"wp:term":[{"taxonomy":"category","embeddable":true,"href":"https:\/\/lea-festival.com\/es\/wp-json\/wp\/v2\/categories?post=6048"},{"taxonomy":"post_tag","embeddable":true,"href":"https:\/\/lea-festival.com\/es\/wp-json\/wp\/v2\/tags?post=6048"}],"curies":[{"name":"wp","href":"https:\/\/api.w.org\/{rel}","templated":true}]}}